[{"@context":"https:\/\/schema.org\/","@type":"Article","@id":"https:\/\/www.aemo.cz\/dovolena-doma\/#Article","mainEntityOfPage":"https:\/\/www.aemo.cz\/dovolena-doma\/","headline":"Dovolen\u00e1 doma","name":"Dovolen\u00e1 doma","description":"\u00a0\u00a0\u21b5 M\u00e1te r\u00e1di dovolenou? J\u00e1 popravd\u011b moc ne, proto\u017ee se p\u0159izn\u00e1m, \u017ee na dovolenou jsem nikdy moc nebyla. V\u017edycky \u0159\u00edk\u00e1m, \u017ee ji kdybych m\u011bla miliony, tak nikam nepojedu, proto\u017ee j\u00e1 si d\u011bl\u00e1m dovolenou p\u0159ed domem. M\u00e1me v\u011bt\u0161\u00ed d\u016fm, velkou zahradu. Tak\u017ee moje dom\u00e1c\u00ed dovolen\u00e1 vypad\u00e1 n\u00e1sledovn\u011b. Lehnu si doma k baz\u00e9nu nebo do baz\u00e9nu na [&hellip;]","datePublished":"2022-12-22","dateModified":"2023-06-22","author":{"@type":"Person","@id":"https:\/\/www.aemo.cz\/author\/#Person","name":"","url":"https:\/\/www.aemo.cz\/author\/","identifier":1,"image":{"@type":"ImageObject","@id":"https:\/\/secure.gravatar.com\/avatar\/87132efef9f5972c3e770e1fb0907fb3dcc1311f82da5f30bffbae0bd81cf8c0?s=96&d=mm&r=g","url":"https:\/\/secure.gravatar.com\/avatar\/87132efef9f5972c3e770e1fb0907fb3dcc1311f82da5f30bffbae0bd81cf8c0?s=96&d=mm&r=g","height":96,"width":96}},"publisher":{"@type":"Organization","name":"aemo.cz","logo":{"@type":"ImageObject","@id":"\/logo.png","url":"\/logo.png","width":600,"height":60}},"image":{"@type":"ImageObject","@id":"https:\/\/www.aemo.cz\/wp-content\/uploads\/almi22-MWA3o_25pbs-unsplash_1.jpg","url":"https:\/\/www.aemo.cz\/wp-content\/uploads\/almi22-MWA3o_25pbs-unsplash_1.jpg","height":0,"width":0},"url":"https:\/\/www.aemo.cz\/dovolena-doma\/","about":["Dovolen\u00e1"],"wordCount":435,"articleBody":"\u00a0\u00a0\u21b5M\u00e1te r\u00e1di dovolenou? J\u00e1 popravd\u011b moc ne, proto\u017ee se p\u0159izn\u00e1m, \u017ee na dovolenou jsem nikdy moc nebyla. V\u017edycky \u0159\u00edk\u00e1m, \u017ee ji kdybych m\u011bla miliony, tak nikam nepojedu, proto\u017ee j\u00e1 si d\u011bl\u00e1m dovolenou p\u0159ed domem. M\u00e1me v\u011bt\u0161\u00ed d\u016fm, velkou zahradu. Tak\u017ee moje dom\u00e1c\u00ed dovolen\u00e1 vypad\u00e1 n\u00e1sledovn\u011b. Lehnu si doma k baz\u00e9nu nebo do baz\u00e9nu na leh\u00e1tko. To miluju ze v\u0161eho nejv\u00edc. To je ta moje nejkr\u00e1sn\u011bj\u0161\u00ed dovolen\u00e1, kterou m\u00e1m a kterou si d\u011bl\u00e1m doma ka\u017ed\u00e9 l\u00e9to. Sice si o m\u011b mysl\u00edte, \u017ee jsem asi bl\u00e1zen, ale nejsem. J\u00e1 prost\u011b n\u011bjak\u00e9 to cestov\u00e1n\u00ed zdlouhav\u00e9 prost\u011b r\u00e1da nem\u00e1m. M\u00e1m r\u00e1da sv\u016fj relax, m\u00e1m r\u00e1da svoji pohodu a nepot\u0159ebuji nikam moc jezdit. Ur\u010dit\u011b lid\u00ed na sv\u011bt\u011b je v\u00edce, kte\u0159\u00ed tak\u00e9 dovolenou a\u017e tak nemus\u00ed jako j\u00e1. Prost\u011b si ud\u011blaj\u00ed stejnou dovolenou jako j\u00e1 p\u0159ed domem. Kdo m\u00e1 d\u016fm i zahradu, tak si m\u016f\u017eete mnohem v\u00edc u\u017e\u00edvat, ud\u011blat party, ale ti, co bydl\u00ed na bytovce, tak takovou mo\u017enost prost\u011b nemaj\u00ed. Proto kdo m\u00e1 d\u016fm i zahradu, tak si zkuste ud\u011blat p\u011bknou dovolenou p\u0159ed domem jako j\u00e1. Alespo\u0148 to vyzkou\u0161ejte a myslete si, \u017ee jste n\u011bkde na dovolen\u00e9, proto\u017ee kdy\u017e si to budete myslet, tak uvid\u00edte, \u017ee mi d\u00e1te za pravdu, \u017ee jste si to naprosto u\u017eily. Tak\u017ee ur\u010dit\u011b nev\u00e1hejte, proto\u017ee za to u\u0161et\u0159\u00edte pen\u00edze, i V\u00e1\u0161 drahocenn\u00fd \u010das. M\u016f\u017eete si na\u0161et\u0159it pen\u00edze na n\u011bco lep\u0161\u00edho nebo na cokoliv jin\u00e9ho co budete cht\u00edt, tak\u017ee se nebojte takov\u00e9 dovolen\u00e9, proto\u017ee z n\u00ed je\u0161t\u011b mnohem v\u00edc u\u0161et\u0159\u00edte. A kdo chce cestovat, tak V\u00e1m v tom nic nebr\u00e1n\u00ed, prost\u011b sedn\u011bte na letadlo a klidn\u011b n\u011bkam odle\u0165te. J\u00e1 V\u00e1m d\u00e1v\u00e1m jen svoji radu, jak vyzkou\u0161et trochu jinou dovolenou, ale ch\u00e1pu, \u017ee n\u011bkte\u0159\u00ed z V\u00e1s prost\u011b cht\u011bj\u00ed ze sv\u00e9ho domu vypustit hlavu a jet jinam. Z\u00e1le\u017e\u00ed jen a jen na V\u00e1s. Nebra\u0148te se ale ni\u010demu. M\u016fj experiment na dom\u00e1c\u00ed dovolenou stoj\u00ed za to, proto to zkuste a jsem zv\u011bdav\u00e1 co si o tom budete myslet, proto\u017ee dom\u00e1c\u00ed dovolen\u00e1 m\u00e1 svoje velk\u00e9 v\u00fdhody, kter\u00e9 je pot\u0159eba vyzkou\u0161et.\u00a0                                                                                                                                                                                                                                                                                                                                                                                                "},{"@context":"https:\/\/schema.org\/","@type":"BreadcrumbList","itemListElement":[{"@type":"ListItem","position":1,"name":"Dovolen\u00e1 doma","item":"https:\/\/www.aemo.cz\/dovolena-doma\/#breadcrumbitem"}]}]