[{"@context":"https:\/\/schema.org\/","@type":"Article","@id":"https:\/\/www.aemo.cz\/jake-ucinky-ma-na-nas-dovolena\/#Article","mainEntityOfPage":"https:\/\/www.aemo.cz\/jake-ucinky-ma-na-nas-dovolena\/","headline":"Jak\u00e9 \u00fa\u010dinky m\u00e1 na n\u00e1s dovolen\u00e1","name":"Jak\u00e9 \u00fa\u010dinky m\u00e1 na n\u00e1s dovolen\u00e1","description":"V\u00a0z\u00e1kon\u00edku pr\u00e1ce je jasn\u011b d\u00e1no, \u017ee ka\u017ed\u00fd, kdo je zam\u011bstn\u00e1n na pln\u00fd \u00favazek, m\u00e1 n\u00e1rok na dovolenou. A zam\u011bstnanci toho rozhodn\u011b vyu\u017e\u00edvaj\u00ed. Dokonce do t\u00e9 m\u00edry, \u017ee n\u011bkter\u00e9 firmy l\u00e1kaj\u00ed nov\u00e9 pracovn\u00edky mimo jin\u00e9 i na to, \u017ee poskytuj\u00ed voln\u00e9 dny i nad r\u00e1mec z\u00e1kona.\u00a0Je samoz\u0159ejm\u011b jasn\u00e9, pro\u010d n\u00e1m na n\u00ed tak z\u00e1le\u017e\u00ed. Je to [&hellip;]","datePublished":"2023-02-18","dateModified":"2023-04-25","author":{"@type":"Person","@id":"https:\/\/www.aemo.cz\/author\/#Person","name":"","url":"https:\/\/www.aemo.cz\/author\/","identifier":1,"image":{"@type":"ImageObject","@id":"https:\/\/secure.gravatar.com\/avatar\/87132efef9f5972c3e770e1fb0907fb3dcc1311f82da5f30bffbae0bd81cf8c0?s=96&d=mm&r=g","url":"https:\/\/secure.gravatar.com\/avatar\/87132efef9f5972c3e770e1fb0907fb3dcc1311f82da5f30bffbae0bd81cf8c0?s=96&d=mm&r=g","height":96,"width":96}},"publisher":{"@type":"Organization","name":"aemo.cz","logo":{"@type":"ImageObject","@id":"\/logo.png","url":"\/logo.png","width":600,"height":60}},"image":{"@type":"ImageObject","@id":"https:\/\/www.aemo.cz\/wp-content\/uploads\/dovolena2_10_2.jpg","url":"https:\/\/www.aemo.cz\/wp-content\/uploads\/dovolena2_10_2.jpg","height":0,"width":0},"url":"https:\/\/www.aemo.cz\/jake-ucinky-ma-na-nas-dovolena\/","about":["Dovolen\u00e1"],"wordCount":437,"articleBody":"V\u00a0z\u00e1kon\u00edku pr\u00e1ce je jasn\u011b d\u00e1no, \u017ee ka\u017ed\u00fd, kdo je zam\u011bstn\u00e1n na pln\u00fd \u00favazek, m\u00e1 n\u00e1rok na dovolenou. A zam\u011bstnanci toho rozhodn\u011b vyu\u017e\u00edvaj\u00ed. Dokonce do t\u00e9 m\u00edry, \u017ee n\u011bkter\u00e9 firmy l\u00e1kaj\u00ed nov\u00e9 pracovn\u00edky mimo jin\u00e9 i na to, \u017ee poskytuj\u00ed voln\u00e9 dny i nad r\u00e1mec z\u00e1kona.\u00a0Je samoz\u0159ejm\u011b jasn\u00e9, pro\u010d n\u00e1m na n\u00ed tak z\u00e1le\u017e\u00ed. Je to v\u00a0podstat\u011b p\u0159ipom\u00ednka \u010di pokra\u010dov\u00e1n\u00ed pr\u00e1zdnin, kter\u00e9 jsme m\u011bli jako d\u011bti. Bereme j\u00ed jako dobu odpo\u010dinku, kdy nabereme nov\u00e9 s\u00edly, abychom se mohli vr\u00e1tit do zam\u011bstn\u00e1n\u00ed sv\u011b\u017e\u00ed.\u00a0\u00a0Ov\u0161em jen m\u00e1lokdo se zam\u00fd\u0161l\u00ed nad t\u00edm, jak\u00e9 \u00fa\u010dinky na na\u0161e t\u011blo dovolen\u00e1 skute\u010dn\u011b m\u00e1. A to je \u0161koda, nebo\u0165 pr\u00e1v\u011b to by n\u00e1m pomohlo si ji napl\u00e1novat tak, abychom ji co nejl\u00e9pe vyu\u017eili. Rozhodn\u011b tedy neu\u0161kod\u00ed, kdy\u017e si o tom n\u011bco \u0159ekneme.\u00a0V\u00a0prvn\u00ed \u0159ad\u011b je nutn\u00e9 v\u011bd\u011bt, \u017ee n\u00e1m bude p\u00e1r dn\u00ed trvat, ne\u017e se dostaneme do skute\u010dn\u011b \u201edovolenkov\u00e9ho m\u00f3du\u201c, kdy opravdu vypneme. Je v\u00edce ne\u017e pravd\u011bpodobn\u00e9, \u017ee v\u00a0prvn\u00edch dnech budeme je\u0161t\u011b myslet na zam\u011bstn\u00e1n\u00ed, na to, co jsme zapomn\u011bli, d\u011blat si starosti, zda tam nen\u00ed n\u011bjak\u00e1 krize, \u010di jak to n\u00e1\u0161 z\u00e1skok zvl\u00e1dne.\u00a0\u00a0Zde n\u00e1m rozhodn\u011b nepom\u016f\u017ee, pokud budeme kontrolovat pracovn\u00ed mail, \u010di pokud n\u00e1m kolegov\u00e9 \u010di \u0161\u00e9f budou pos\u00edlat zpr\u00e1vy. M\u011bli bychom jim d\u00e1t je\u0161t\u011b p\u0159ed dovolenou jasn\u011b najevo, \u017ee v\u00a0tu dobu nebudete k\u00a0dispozici. Koneckonc\u016f, je to va\u0161e zaslou\u017een\u00e9 volno. Sna\u017ete se tedy na pr\u00e1ci nemyslet.\u00a0Co n\u00e1m rozhodn\u011b pom\u016f\u017ee, je zm\u011bna prost\u0159ed\u00ed. Pokud budeme volno tr\u00e1vit doma, nikdy pln\u011b nevypadneme z\u00a0dan\u00e9 rutiny, nehled\u011b na to, \u017ee n\u00e1s to bude nutit d\u011blat dom\u00e1c\u00ed pr\u00e1ce, na kter\u00e9 jinak nem\u00e1me p\u0159\u00edli\u0161 \u010das. A to n\u00e1m rozhodn\u011b nepom\u016f\u017ee.\u00a0V\u00a0dob\u011b volna tedy d\u011blejte skute\u010dn\u011b jen to nejnutn\u011bj\u0161\u00ed, a pokud jej netr\u00e1v\u00edte n\u011bkde v\u00a0cizin\u011b \u010di alespo\u0148 na chat\u011b \u010di n\u011bkde pod stanem, vyje\u010fte si alespo\u0148 n\u011bkam na jednodenn\u00ed v\u00fdlet. Uvid\u00edte, \u017ee si tak odpo\u010dinete mnohem l\u00e9pe. D\u00edky tomu budete m\u00edt po n\u00e1vratu do zam\u011bstn\u00e1n\u00ed mnohem v\u00edce energie a el\u00e1nu, co\u017e va\u0161emu pracovn\u00edmu v\u00fdkonu jen prosp\u011bje.                                                                                                                                                                                                                                                                                                                                                                                                "},{"@context":"https:\/\/schema.org\/","@type":"BreadcrumbList","itemListElement":[{"@type":"ListItem","position":1,"name":"Jak\u00e9 \u00fa\u010dinky m\u00e1 na n\u00e1s dovolen\u00e1","item":"https:\/\/www.aemo.cz\/jake-ucinky-ma-na-nas-dovolena\/#breadcrumbitem"}]}]