[{"@context":"https:\/\/schema.org\/","@type":"Article","@id":"https:\/\/www.aemo.cz\/jaky-je-vas-zivot\/#Article","mainEntityOfPage":"https:\/\/www.aemo.cz\/jaky-je-vas-zivot\/","headline":"Jak\u00fd je v\u00e1\u0161 \u017eivot","name":"Jak\u00fd je v\u00e1\u0161 \u017eivot","description":"P\u0159em\u00fd\u0161leli jste n\u011bkdy nad t\u00edm jak \u017eijete sv\u016fj \u017eivot? A jak jste s n\u00edm spokojen\u00ed? Spousta lid\u00ed za sv\u016fj \u017eivot toho zm\u011bn\u00ed a\u017e p\u0159\u00edli\u0161 a hledaj\u00ed to sv\u00e9. A jak jste na tom vy? U\u017e jste to na\u0161li? Nebo m\u00e1te n\u011bjak\u00fd pl\u00e1n jak ho vylep\u0161it? V dne\u0161n\u00ed dob\u011b je to trochu slo\u017eit\u011bj\u0161\u00ed a \u010dasto se [&hellip;]","datePublished":"2023-01-09","dateModified":"2023-05-10","author":{"@type":"Person","@id":"https:\/\/www.aemo.cz\/author\/#Person","name":"","url":"https:\/\/www.aemo.cz\/author\/","identifier":1,"image":{"@type":"ImageObject","@id":"https:\/\/secure.gravatar.com\/avatar\/87132efef9f5972c3e770e1fb0907fb3dcc1311f82da5f30bffbae0bd81cf8c0?s=96&d=mm&r=g","url":"https:\/\/secure.gravatar.com\/avatar\/87132efef9f5972c3e770e1fb0907fb3dcc1311f82da5f30bffbae0bd81cf8c0?s=96&d=mm&r=g","height":96,"width":96}},"publisher":{"@type":"Organization","name":"aemo.cz","logo":{"@type":"ImageObject","@id":"\/logo.png","url":"\/logo.png","width":600,"height":60}},"image":{"@type":"ImageObject","@id":"https:\/\/www.aemo.cz\/wp-content\/uploads\/shutterstock_437135977.jpg","url":"https:\/\/www.aemo.cz\/wp-content\/uploads\/shutterstock_437135977.jpg","height":0,"width":0},"url":"https:\/\/www.aemo.cz\/jaky-je-vas-zivot\/","about":["\u017divotn\u00ed styl"],"wordCount":529,"articleBody":"P\u0159em\u00fd\u0161leli jste n\u011bkdy nad t\u00edm jak \u017eijete sv\u016fj \u017eivot? A jak jste s n\u00edm spokojen\u00ed? Spousta lid\u00ed za sv\u016fj \u017eivot toho zm\u011bn\u00ed a\u017e p\u0159\u00edli\u0161 a hledaj\u00ed to sv\u00e9. A jak jste na tom vy? U\u017e jste to na\u0161li? Nebo m\u00e1te n\u011bjak\u00fd pl\u00e1n jak ho vylep\u0161it? V dne\u0161n\u00ed dob\u011b je to trochu slo\u017eit\u011bj\u0161\u00ed a \u010dasto se na n\u00e1s podepisuje. St\u00e1le v\u00edce se tady vyskytuj\u00ed choroby, zvl\u00e1\u0161t\u011b u mlad\u0161\u00edch ro\u010dn\u00edk\u016f, d\u0159\u00edv se t\u00fdkali senior\u016f. T\u0159eba takov\u00e1 cukrovka, u spoustu mlad\u00fdch lid\u00ed dokonce i sportovc\u016f se vyskytl infarkt, vysok\u00fd tlak a nebo obezita. Ale na\u0161t\u011bst\u00ed si tohle n\u011bkte\u0159\u00ed lid\u00e9 uv\u011bdomuj\u00ed a za\u010d\u00ednaj\u00ed s t\u00edm n\u011bco d\u011blat.\u00a0V dne\u0161n\u00ed usp\u011bchan\u00e9 dob\u011b na sebe lid\u00e9 nemaj\u00ed \u010das, hlavn\u011b v rodin\u00e1ch. D\u00e1le nemaj\u00ed \u010das na spoustu jin\u00fdch v\u011bc\u00ed, jako jsou p\u0159\u00e1tel\u00e9 a taky zapom\u00ednaj\u00ed sami na sebe. Co\u017e je velmi \u0161patn\u011b. Cel\u00e9 dny jsou v pr\u00e1ci\u00a0kde jsou pod neust\u00e1l\u00fdm stresem. A kdy\u017e u\u017e maj\u00ed kone\u010dn\u011b volno na to aby si ud\u011blali \u010das na sebe nebo s v\u00e9 bl\u00edzk\u00e9, tak u\u017e nemaj\u00ed s\u00edlu. Jejich pohyb je na nule. A na to aby za\u010dali t\u0159eba cvi\u010dit nebo zaj\u00edt na proch\u00e1zku, tak jsou unaven\u00fd a rad\u011bj\u00ed tr\u00e1v\u00ed \u010das doma, kde si lehnou na gau\u010d a koukaj\u00ed na televizi. J\u00e1 p\u0159esn\u011b tohle vid\u00edm u sv\u00e9ho p\u0159\u00edtele. Kter\u00fd je od r\u00e1na do ve\u010dera v pr\u00e1ci. Pak p\u0159ijde dom\u016f, naj\u00ed se a jde sp\u00e1t. A kdy\u017e u\u017e m\u00e1 tedy kone\u010dn\u011b volno, tak zase pracuje na dom\u011b a okolo domu. Tak \u017ee je v jednom kole. A nem\u00e1 na nic \u010das. M\u00e1me je\u0161t\u011b dv\u011b d\u011bti a t\u0159et\u00ed na cest\u011b. Ale jsem aspo\u0148 r\u00e1da, \u017ee na ty d\u011bti si \u010das ud\u011bl\u00e1. J\u00e1 to n\u011bjak zvl\u00e1d\u00e1m. N\u011bkdy m\u011b to mrz\u00ed, ale ch\u00e1pu to, rad\u011bji mu na zahradu zajdu pomoc nebo mu ud\u011bl\u00e1m n\u011bco dobr\u00e9ho k j\u00eddlu. A mysl\u00edm \u017ee nejsme jedin\u00ed kte\u0159\u00ed to tak maj\u00ed. Ale je to dob\u0159e? CO z takov\u00e9ho \u017eivota? D\u011bti rostou p\u0159ed o\u010dima, ale my pot\u0159ebujeme aby m\u011bli kde vyr\u016fstat a taky m\u00edt n\u011bjak\u00fd standart.\u00a0Ano lid\u00e9 se hon\u00ed za pen\u011bzi. Tak\u017ee moc pracuj\u00ed, pak jsou vys\u00edlen\u00ed. Ano je to \u0161patn\u011b, ale jak jinak \u017eit? Jde to? Co pr\u00e1ce, ta p\u0159eci nepo\u010dk\u00e1. Ka\u017ed\u00fd \u0159ekne a\u0165 si to napl\u00e1nujeme tak, aby jsme stihli v\u0161echno. \u017de pr\u00e1ce po\u010dk\u00e1. Ano to maj\u00ed sice pravdu \u017ee pr\u00e1ce po\u010dk\u00e1, ale po\u010dkaj\u00ed i nezaplacen\u00e9 \u00fa\u010dty? To asi ani ne \u017ee. Ne\u0159\u00edk\u00e1m \u017ee tak to o\u017eijeme cel\u00fd \u017eivot a takhle i \u017e\u00edt budeme. M\u00e1me i kr\u00e1sn\u00e9 dny, kdy jsme jako rodina spolu. Ale bohu\u017eel ty dny jsou vyjme\u010dn\u00e9.\u00a0                                                                                                                                                                                                                                                                                                                                                                                                "},{"@context":"https:\/\/schema.org\/","@type":"BreadcrumbList","itemListElement":[{"@type":"ListItem","position":1,"name":"Jak\u00fd je v\u00e1\u0161 \u017eivot","item":"https:\/\/www.aemo.cz\/jaky-je-vas-zivot\/#breadcrumbitem"}]}]