[{"@context":"https:\/\/schema.org\/","@type":"Article","@id":"https:\/\/www.aemo.cz\/je-privesek-se-jmenem-deti-vhodny-darek\/#Article","mainEntityOfPage":"https:\/\/www.aemo.cz\/je-privesek-se-jmenem-deti-vhodny-darek\/","headline":"Je p\u0159\u00edv\u011bsek se jm\u00e9nem d\u011bt\u00ed vhodn\u00fd d\u00e1rek?","name":"Je p\u0159\u00edv\u011bsek se jm\u00e9nem d\u011bt\u00ed vhodn\u00fd d\u00e1rek?","description":"Nen\u00ed \u017e\u00e1dn\u00fdm tajemstv\u00edm, \u017ee p\u0159edev\u0161\u00edm matky maj\u00ed ke sv\u00fdm d\u011btem hlubok\u00fd citov\u00fd vztah. \u010casto nos\u00ed v pen\u011b\u017eence jejich fotografie, maj\u00ed schovan\u00e9 ve\u0161ker\u00e9 d\u00e1rky, kter\u00e9 od nich kdy dostaly. Je tedy jen pochopiteln\u00e9, \u017ee nejv\u011bt\u0161\u00ed radost jim ud\u011bl\u00e1 takov\u00fd d\u00e1rek k narozenin\u00e1m, V\u00e1noc\u016fm \u010di dnu matek, kter\u00fd j\u00ed bude potomky p\u0159ipom\u00ednat. Zde je jednou z obl\u00edben\u00fdch [&hellip;]","datePublished":"2023-04-19","dateModified":"2023-05-19","author":{"@type":"Person","@id":"https:\/\/www.aemo.cz\/author\/#Person","name":"","url":"https:\/\/www.aemo.cz\/author\/","identifier":1,"image":{"@type":"ImageObject","@id":"https:\/\/secure.gravatar.com\/avatar\/87132efef9f5972c3e770e1fb0907fb3dcc1311f82da5f30bffbae0bd81cf8c0?s=96&d=mm&r=g","url":"https:\/\/secure.gravatar.com\/avatar\/87132efef9f5972c3e770e1fb0907fb3dcc1311f82da5f30bffbae0bd81cf8c0?s=96&d=mm&r=g","height":96,"width":96}},"publisher":{"@type":"Organization","name":"aemo.cz","logo":{"@type":"ImageObject","@id":"\/logo.png","url":"\/logo.png","width":600,"height":60}},"image":{"@type":"ImageObject","@id":"https:\/\/www.aemo.cz\/wp-content\/uploads\/dite3_3.jpg","url":"https:\/\/www.aemo.cz\/wp-content\/uploads\/dite3_3.jpg","height":0,"width":0},"url":"https:\/\/www.aemo.cz\/je-privesek-se-jmenem-deti-vhodny-darek\/","about":["N\u00e1kupy"],"wordCount":434,"articleBody":"   Nen\u00ed \u017e\u00e1dn\u00fdm tajemstv\u00edm, \u017ee p\u0159edev\u0161\u00edm matky maj\u00ed ke sv\u00fdm d\u011btem hlubok\u00fd citov\u00fd vztah. \u010casto nos\u00ed v pen\u011b\u017eence jejich fotografie, maj\u00ed schovan\u00e9 ve\u0161ker\u00e9 d\u00e1rky, kter\u00e9 od nich kdy dostaly. Je tedy jen pochopiteln\u00e9, \u017ee nejv\u011bt\u0161\u00ed radost jim ud\u011bl\u00e1 takov\u00fd d\u00e1rek k narozenin\u00e1m, V\u00e1noc\u016fm \u010di dnu matek, kter\u00fd j\u00ed bude potomky p\u0159ipom\u00ednat.Zde je jednou z obl\u00edben\u00fdch mo\u017enost\u00ed p\u0159\u00edv\u011bsek se jm\u00e9nem d\u011bt\u00ed, kter\u00fd je mo\u017en\u00e9 d\u00e1t na \u0159et\u00edzek \u010di n\u00e1ramek. V\u011bt\u0161inou se jedn\u00e1 o zdoben\u00fd pl\u00ed\u0161ek, \u010dasto ve tvaru srdce, holubice \u010di n\u011b\u010deho podobn\u00e9ho, do kter\u00e9ho jsou vyryt ona jm\u00e9na. Mnohdy je mo\u017en\u00e9 p\u0159idat t\u0159eba i datum narozen\u00ed d\u00edt\u011bte, av\u0161ak to se p\u0159\u00edli\u0161 \u010dasto ned\u011bl\u00e1 \u2013 zabralo by to moc prostoru a onen pl\u00ed\u0161ek nen\u00ed nijak velk\u00fd.Vyroben m\u016f\u017ee b\u00fdt z mnoha materi\u00e1l\u016f, od klasick\u00e9 chirurgick\u00e9 oceli p\u0159es st\u0159\u00edbro a\u017e po zlato. Z\u00e1le\u017e\u00ed jen na va\u0161ich mo\u017enostech, nebo\u0165 firem, kter\u00e9 tuto slu\u017ebu nab\u00edz\u00ed, je na na\u0161em trhu mnoho. To tak\u00e9 ukazuje, jak je tento produkt obl\u00edben\u00fd. Jen m\u00e1lokdo se v\u0161ak zamysl\u00ed nad t\u00edm, zda je to skute\u010dn\u011b vhodn\u00fd d\u00e1rek. Obvykle bez zamy\u0161len\u00ed \u0159ekneme, \u017ee ano \u2013 je to jedna z v\u011bc\u00ed, kter\u00e9 ud\u011blaj\u00ed skute\u010dn\u011b velkou radost. Probl\u00e9m je v\u0161ak v tom, \u017ee to nemus\u00ed b\u00fdt ani zdaleka tak ide\u00e1ln\u00ed, jak by se mohlo zd\u00e1t.Je pochopiteln\u00e9, \u017ee vztahy v rodin\u011b se v pr\u016fb\u011bhu \u010dasu m\u011bn\u00ed. D\u011bti dosp\u00edvaj\u00ed, a i kdy\u017e je jejich matka st\u00e1le miluje, neznamen\u00e1 to, \u017ee se d\u011btem l\u00edb\u00ed, \u017ee maminka chod\u00ed s jejich jm\u00e9ny na krku, p\u0159\u00edpadn\u011b na z\u00e1p\u011bst\u00ed. Zvl\u00e1\u0161t\u011b, pokud se jedn\u00e1 o zdrobn\u011blinu, nap\u0159\u00edklad \u201eAd\u00e9lka\u201c \u010di \u201eTom\u00e1\u0161ek\u201c, co\u017e b\u00fdv\u00e1 u t\u011bchto typ\u016f d\u00e1rk\u016f velmi b\u011b\u017en\u00e9.M\u016f\u017ee se tak\u00e9 st\u00e1t, \u017ee se d\u011bti s matkou, nebo i mezi sebou, rozkmot\u0159\u00ed, a nebudou spolu mluvit. P\u0159\u00edv\u011bsek tak bude matce jen p\u0159ipom\u00ednat, co kdysi bylo. A to nen\u00ed ide\u00e1ln\u00ed pro jej\u00ed psychickou pohodu. Rozhodn\u011b tedy neza\u0161kod\u00ed se zamyslet, ne\u017e takov\u00fdto d\u00e1rek pro svou maminku objedn\u00e1me. Jist\u011b, bude z n\u011bj m\u00edt radost. Ale bude se z n\u011bj radovat i za takov\u00fdch deset, dvacet let? To bychom m\u011bli uv\u00e1\u017eit.                                                                                                                                                                                                                                                                                                                                                                                                  "},{"@context":"https:\/\/schema.org\/","@type":"BreadcrumbList","itemListElement":[{"@type":"ListItem","position":1,"name":"Je p\u0159\u00edv\u011bsek se jm\u00e9nem d\u011bt\u00ed vhodn\u00fd d\u00e1rek?","item":"https:\/\/www.aemo.cz\/je-privesek-se-jmenem-deti-vhodny-darek\/#breadcrumbitem"}]}]