[{"@context":"https:\/\/schema.org\/","@type":"Article","@id":"https:\/\/www.aemo.cz\/kam-to-jenom-spejeme\/#Article","mainEntityOfPage":"https:\/\/www.aemo.cz\/kam-to-jenom-spejeme\/","headline":"Kam to jenom sp\u011bjeme?","name":"Kam to jenom sp\u011bjeme?","description":"U\u017e jako mal\u00e9 d\u00edt\u011b jsem si zakl\u00e1dal na sv\u00e9 dobr\u00e9 finan\u010dn\u00ed situaci. Pochopiteln\u011b \u0161lo tehdy jenom o n\u011bjak\u00e9 ty drobn\u00e9, ale v\u017edycky jsem v\u011bd\u011bl nebo aspo\u0148 tu\u0161il, \u017ee je dobr\u00e9 s pen\u011bzi vych\u00e1zet a n\u011bjak\u00e9 si i na\u0161et\u0159it. A tak m\u00e9 \u00faspory v z\u00e1suvce stolu obvykle ut\u011b\u0161en\u011b rostly a j\u00e1 na to byl hrd\u00fd, jakkoliv [&hellip;]","datePublished":"2025-03-29","dateModified":"2025-03-29","author":{"@type":"Person","@id":"https:\/\/www.aemo.cz\/author\/#Person","name":"","url":"https:\/\/www.aemo.cz\/author\/","identifier":1,"image":{"@type":"ImageObject","@id":"https:\/\/secure.gravatar.com\/avatar\/87132efef9f5972c3e770e1fb0907fb3dcc1311f82da5f30bffbae0bd81cf8c0?s=96&d=mm&r=g","url":"https:\/\/secure.gravatar.com\/avatar\/87132efef9f5972c3e770e1fb0907fb3dcc1311f82da5f30bffbae0bd81cf8c0?s=96&d=mm&r=g","height":96,"width":96}},"publisher":{"@type":"Organization","name":"aemo.cz","logo":{"@type":"ImageObject","@id":"\/logo.png","url":"\/logo.png","width":600,"height":60}},"image":{"@type":"ImageObject","@id":"https:\/\/www.aemo.cz\/wp-content\/uploads\/pppp_10_10_10_10_10_6.jpg","url":"https:\/\/www.aemo.cz\/wp-content\/uploads\/pppp_10_10_10_10_10_6.jpg","height":0,"width":0},"url":"https:\/\/www.aemo.cz\/kam-to-jenom-spejeme\/","about":["Finance"],"wordCount":469,"articleBody":"          U\u017e jako mal\u00e9 d\u00edt\u011b jsem si zakl\u00e1dal na sv\u00e9 dobr\u00e9 finan\u010dn\u00ed situaci. Pochopiteln\u011b \u0161lo tehdy jenom o n\u011bjak\u00e9 ty drobn\u00e9, ale v\u017edycky jsem v\u011bd\u011bl nebo aspo\u0148 tu\u0161il, \u017ee je dobr\u00e9 s pen\u011bzi vych\u00e1zet a n\u011bjak\u00e9 si i na\u0161et\u0159it. A tak m\u00e9 \u00faspory v z\u00e1suvce stolu obvykle ut\u011b\u0161en\u011b rostly a j\u00e1 na to byl hrd\u00fd, jakkoliv je to u\u017e z dne\u0161n\u00edho \u00fahlu pohledu hodn\u011b \u00fasm\u011bvn\u00e9. T\u011bch p\u00e1r desetikorun pro m\u011b m\u011blo tehdy velk\u00fd v\u00fdznam.A pak to se mnou rostlo. A a\u0165 si mysl\u00ed kdo chce co chce, jsem r\u00e1d, \u017ee jsem st\u00e1le takov\u00fd \u201askrbl\u00edk\u2018. Proto\u017ee m\u00e1m pen\u00edze. I slu\u0161n\u00e9 p\u0159\u00edjmy z pr\u00e1ce, i hodn\u011b hezk\u00e9 \u00faspory, kter\u00e9 mi m\u016f\u017ee kdekdo z\u00e1vid\u011bt. A ani chv\u00edli nepolevuji a sna\u017e\u00edm se, abych m\u011bl po\u0159\u00e1d v\u00edc a v\u00edc. Ne za ka\u017edou cenu, ale p\u0159esto. Neutr\u00e1c\u00edm za zbyte\u010dnosti a docela dob\u0159e sv\u00e9 finance zvl\u00e1d\u00e1m.Jsem r\u00e1d, \u017ee je tomu tak. A o to h\u016f\u0159 nesu to, co d\u011blaj\u00ed na\u0161i politici. A to zejm\u00e9na ti z posledn\u00edch dvou vl\u00e1d, jakkoliv i spousta t\u011bch p\u0159edchoz\u00edch m\u011bla hodn\u011b velk\u00fd kus m\u00e1sla na hlav\u011b. Vl\u00e1da Anobudel\u00edp\u016f mne nehor\u00e1zn\u00fdm zadlu\u017eov\u00e1n\u00edm na\u0161\u00ed zem\u011b deptala, proto\u017ee jsem si na rozd\u00edl od v\u011bt\u0161iny na\u0161inc\u016f dob\u0159e uv\u011bdomoval, \u017ee zadlu\u017euj\u00ed i mne, kter\u00fd tu nesmyslnou ekonomickou politiku budu muset tak\u00e9 jednou zaplatit. A jak jenom jsem se zaradoval, kdy\u017e spolu se mnou zvolil tento n\u00e1rod rad\u011bji politiky, kte\u0159\u00ed slibovali, \u017ee za\u010dnou \u0161et\u0159it, aby se dal rozpo\u010det do po\u0159\u00e1dku! Na\u010de\u017e mne ale p\u00e1r let jejich vl\u00e1dnut\u00ed ujistilo, \u017ee nejsou lep\u0161\u00ed. \u017de i oni d\u011blaj\u00ed nehor\u00e1zn\u00e9 dluhy. A je\u0161t\u011b jsou na to sv\u00fdm zp\u016fsobem py\u0161n\u00ed, kdy\u017e se chlub\u00ed, \u017ee se na\u0161emu lidu pod nimi vlastn\u011b dob\u0159e da\u0159\u00ed, proto\u017ee na\u0161e pr\u016fm\u011brn\u00e9 platy i nad\u00e1le ut\u011b\u0161en\u011b rostou. Tak\u017ee se mi op\u011bt otv\u00edr\u00e1 pomysln\u00e1 kudla v kapse. Vl\u00e1dnou n\u00e1m nech\u00e1pavci, kter\u00fdm nedoch\u00e1z\u00ed, jak t\u00edm na\u0161i zemi ni\u010d\u00ed? Nemysl\u00edm si. Ka\u017ed\u00fd soudn\u00fd \u010dlov\u011bk by m\u011bl ch\u00e1pat, \u017ee kdo m\u00e1 dluhy, d\u011bl\u00e1 n\u011bco \u0161patn\u011b. Sp\u00ed\u0161e jsou to populisti. Kter\u00e9 bychom m\u011bli na\u010dutnout do h\u00fd\u017ed\u00ed. A ne jako mnoz\u00ed na\u0161inci je\u010det, \u017ee byla lep\u0161\u00ed vl\u00e1da, kter\u00e1 d\u011blala v\u011bt\u0161\u00ed dluhy, a \u017ee by se m\u011bla vr\u00e1tit k moci.                                                                                                                                                                                                                                                                                                                                                                                                  "},{"@context":"https:\/\/schema.org\/","@type":"BreadcrumbList","itemListElement":[{"@type":"ListItem","position":1,"name":"Kam to jenom sp\u011bjeme?","item":"https:\/\/www.aemo.cz\/kam-to-jenom-spejeme\/#breadcrumbitem"}]}]