[{"@context":"https:\/\/schema.org\/","@type":"Article","@id":"https:\/\/www.aemo.cz\/kosmeticka-neni-vzdy-potreba\/#Article","mainEntityOfPage":"https:\/\/www.aemo.cz\/kosmeticka-neni-vzdy-potreba\/","headline":"Kosmeti\u010dka nen\u00ed v\u017edy pot\u0159eba","name":"Kosmeti\u010dka nen\u00ed v\u017edy pot\u0159eba","description":"Chod&Atilde;&shy;te n&Auml;&#8250;kdy na kosmetiku? J&Atilde;&iexcl; popravd&Auml;&#8250; se p&Aring;&#8482;izn&Atilde;&iexcl;m, j&Atilde;&iexcl; jsem byla na kosmetice jenom jednou za &Aring;&frac34;ivot, proto&Aring;&frac34;e jsem tam m&Auml;&#8250;la takov&Atilde;&frac12; b&Atilde;&shy;l&Atilde;&frac12; fl&Atilde;&shy;&Auml;ek po&Aring;&#8482;&Atilde;&iexcl;d na brad&Auml;&#8250; a nev&Auml;&#8250;d&Auml;&#8250;la jsem co s t&Atilde;&shy;m, ale pan&Atilde;&shy; kosmeti&Auml;ka mi to odstranila. Ale jinak jako te&Auml; nechod&Atilde;&shy;m, proto&Aring;&frac34;e popravd&Auml;&#8250; j&Atilde;&iexcl; jsem nem&Auml;&#8250;la nikdy &Aring;&frac34;&Atilde;&iexcl;dn&Atilde;&copy; jeb&Atilde;&iexcl;ky nebo prost&Auml;&#8250; n&Auml;&#8250;co [&hellip;]","datePublished":"2023-07-28","dateModified":"2024-03-28","author":{"@type":"Person","@id":"https:\/\/www.aemo.cz\/author\/#Person","name":"","url":"https:\/\/www.aemo.cz\/author\/","identifier":1,"image":{"@type":"ImageObject","@id":"https:\/\/secure.gravatar.com\/avatar\/87132efef9f5972c3e770e1fb0907fb3dcc1311f82da5f30bffbae0bd81cf8c0?s=96&d=mm&r=g","url":"https:\/\/secure.gravatar.com\/avatar\/87132efef9f5972c3e770e1fb0907fb3dcc1311f82da5f30bffbae0bd81cf8c0?s=96&d=mm&r=g","height":96,"width":96}},"publisher":{"@type":"Organization","name":"aemo.cz","logo":{"@type":"ImageObject","@id":"\/logo.png","url":"\/logo.png","width":600,"height":60}},"image":{"@type":"ImageObject","@id":"https:\/\/www.aemo.cz\/wp-content\/uploads\/alexander-krivitskiy-BNBMtvCvHqc-unsplash_4.jpg","url":"https:\/\/www.aemo.cz\/wp-content\/uploads\/alexander-krivitskiy-BNBMtvCvHqc-unsplash_4.jpg","height":0,"width":0},"url":"https:\/\/www.aemo.cz\/kosmeticka-neni-vzdy-potreba\/","about":["\u017dena"],"wordCount":779,"articleBody":"Chod&Atilde;&shy;te n&Auml;&#8250;kdy na kosmetiku? J&Atilde;&iexcl; popravd&Auml;&#8250; se p&Aring;&#8482;izn&Atilde;&iexcl;m, j&Atilde;&iexcl; jsem byla na kosmetice jenom jednou za &Aring;&frac34;ivot, proto&Aring;&frac34;e jsem tam m&Auml;&#8250;la takov&Atilde;&frac12; b&Atilde;&shy;l&Atilde;&frac12; fl&Atilde;&shy;&Auml;ek po&Aring;&#8482;&Atilde;&iexcl;d na brad&Auml;&#8250; a nev&Auml;&#8250;d&Auml;&#8250;la jsem co s t&Atilde;&shy;m, ale pan&Atilde;&shy; kosmeti&Auml;ka mi to odstranila. Ale jinak jako te&Auml; nechod&Atilde;&shy;m, proto&Aring;&frac34;e popravd&Auml;&#8250; j&Atilde;&iexcl; jsem nem&Auml;&#8250;la nikdy &Aring;&frac34;&Atilde;&iexcl;dn&Atilde;&copy; jeb&Atilde;&iexcl;ky nebo prost&Auml;&#8250; n&Auml;&#8250;co na obli&Auml;eji. Samoz&Aring;&#8482;ejm&Auml;&#8250; j&Atilde;&iexcl; si ple&Aring;&yen; &Auml;ist&Atilde;&shy;m sama kupuju, si svoje p&Aring;&#8482;&Atilde;&shy;pravky a jsem spokojen&Atilde;&iexcl;. J&Atilde;&iexcl; si osobn&Auml;&#8250; mysl&Atilde;&shy;m &Aring;&frac34;e kosmetiku nepot&Aring;&#8482;ebuji, proto&Aring;&frac34;e moje ple&Aring;&yen; nen&Atilde;&shy; zase tak stra&Aring;&iexcl;n&Atilde;&iexcl;. Pr&Atilde;&iexcl;v&Auml;&#8250; kdy&Aring;&frac34; n&Auml;&#8250;koho potk&Atilde;&iexcl;m t&Aring;&#8482;eba kamar&Atilde;&iexcl;dku nebo kamar&Atilde;&iexcl;da, tak mi v&Aring;&frac34;dycky &Aring;&#8482;&Atilde;&shy;kaj&Atilde;&shy; jak m&Atilde;&iexcl;m p&Auml;&#8250;knou ple&Aring;&yen;. J&Atilde;&iexcl; prost&Auml;&#8250; pou&Aring;&frac34;&Atilde;&shy;v&Atilde;&iexcl;m taky hlavn&Auml;&#8250; hodn&Auml;&#8250; kr&Atilde;&copy;m niveu se kterou jsem stra&Aring;&iexcl;n&Auml;&#8250; spokojen&Atilde;&iexcl;, proto&Aring;&frac34;e ta Nivea n&Atilde;&iexcl;dhern&Auml;&#8250; hydratuje a zjemn&Atilde;&shy; tu poko&Aring;&frac34;ku, a nen&Atilde;&shy; v&Aring;&macr;bec such&Atilde;&iexcl; a ple&Aring;&yen; je matn&Atilde;&iexcl;.&Acirc;&nbsp;&Acirc;&nbsp;Nev&Atilde;&shy;m co pou&Aring;&frac34;&Atilde;&shy;v&Atilde;&iexcl;te vy za kr&Atilde;&copy;my, ale ur&Auml;it&Auml;&#8250; kdo nezkou&Aring;&iexcl;&Atilde;&shy; doma niveu, tak j&Atilde;&shy; vyzkou&Aring;&iexcl;ejte, proto&Aring;&frac34;e j&Atilde;&iexcl; jsem s n&Atilde;&shy; stra&Aring;&iexcl;n&Auml;&#8250; spokojen&Atilde;&iexcl;. A Nivea je &Atilde;&ordm;pln&Auml;&#8250; skv&Auml;&#8250;l&Atilde;&iexcl;, proto&Aring;&frac34;e m&Auml;&#8250; stra&Aring;&iexcl;n&Auml;&#8250; na ple&Aring;&yen; pom&Atilde;&iexcl;h&Atilde;&iexcl; a je zaru&Auml;en&Atilde;&iexcl; &Aring;&frac34;e opravdu tu ple&Aring;&yen; n&Atilde;&iexcl;dhern&Auml;&#8250; vyhlad&Atilde;&shy; a je matn&Atilde;&iexcl;. Tak&Aring;&frac34;e pokud jste to je&Aring;&iexcl;t&Auml;&#8250; nezkou&Aring;&iexcl;el, tak to vyzkou&Aring;&iexcl;ejte, proto&Aring;&frac34;e opravdu v&Atilde;&iexcl;m to pom&Aring;&macr;&Aring;&frac34;e a pom&Aring;&macr;&Aring;&frac34;e to mnohem v&Atilde;&shy;c ne&Aring;&frac34; n&Auml;&#8250;jak&Atilde;&iexcl; kosmetika. Samoz&Aring;&#8482;ejm&Auml;&#8250; z&Atilde;&iexcl;le&Aring;&frac34;&Atilde;&shy; na v&Atilde;&iexcl;s. Kdo m&Atilde;&iexcl; r&Atilde;&iexcl;d kosmetiku tak a&Aring;&yen; chod&Atilde;&shy; na kosmetiku, ale kdo t&Aring;&#8482;eba nevyu&Aring;&frac34;&Atilde;&shy;v&Atilde;&iexcl; ani t&Atilde;&copy; kosmetiky, tak zkuste prost&Auml;&#8250; tu niveu, proto&Aring;&frac34;e ta je nejlep&Aring;&iexcl;&Atilde;&shy; prost&Auml;&#8250; ze v&Aring;&iexcl;ech.&Acirc;&nbsp;&Acirc;&nbsp;J&Atilde;&iexcl; s takov&Atilde;&frac12;m kr&Atilde;&copy;mem jsem spokojen&Atilde;&iexcl; a nikdy bych nem&Auml;&#8250;nila. Samoz&Aring;&#8482;ejm&Auml;&#8250; n&Auml;&#8250;kdy jsem vyzkou&Aring;&iexcl;ela jin&Atilde;&frac12; kr&Atilde;&copy;m ale v&Aring;&frac34;dycky jsem zast&Atilde;&iexcl;nce t&Atilde;&copy; Nivei. Popravd&Auml;&#8250; ta Nivea m&Auml;&#8250;la v&Aring;&frac34;dy &Atilde;&ordm;&Auml;inek, ne&Aring;&frac34; ty p&Aring;&#8482;ede&Aring;&iexcl;l&Atilde;&copy; kr&Atilde;&copy;my. Na tom obli&Auml;eji u&Aring;&frac34; nemaj&Atilde;&shy; takovou tu &Atilde;&ordm;&Auml;innost jako pr&Atilde;&iexcl;v&Auml;&#8250; ta Nivea. Tak&Aring;&frac34;e kdo to nezkou&Aring;&iexcl;el, tak vyzkou&Aring;&iexcl;ejte, proto&Aring;&frac34;e Nivea je opravdu nejlep&Aring;&iexcl;&Atilde;&shy; kr&Atilde;&copy;m. A hlavn&Auml;&#8250; Nivea kr&Atilde;&iexcl;sn&Auml;&#8250; tu ple&Aring;&yen; rozjasn&Atilde;&shy;. Nivea se vleze i do kabelky. Tak&Aring;&frac34;e, kdy&Aring;&frac34; n&Auml;&#8250;kam p&Aring;&macr;jdete, tak Nivea se v kabelce nikdy neztrat&Atilde;&shy;.&Acirc;&nbsp;                                                                                                                                                                                                                                                                                                                                                                                                "},{"@context":"https:\/\/schema.org\/","@type":"BreadcrumbList","itemListElement":[{"@type":"ListItem","position":1,"name":"Kosmeti\u010dka nen\u00ed v\u017edy pot\u0159eba","item":"https:\/\/www.aemo.cz\/kosmeticka-neni-vzdy-potreba\/#breadcrumbitem"}]}]