[{"@context":"https:\/\/schema.org\/","@type":"Article","@id":"https:\/\/www.aemo.cz\/kozmetika-pre-vas\/#Article","mainEntityOfPage":"https:\/\/www.aemo.cz\/kozmetika-pre-vas\/","headline":"Kozmetika pre v\u00e1s","name":"Kozmetika pre v\u00e1s","description":"Pestovanie \u017eenskej kr\u00e1sy by malo by\u0165 bl\u00edzke v\u0161etk\u00fdm \u017een\u00e1m. Mu\u017ei na n\u00e1s miluj\u00fa hebk\u00fa, bezchybn\u00fa ple\u0165 a kr\u00e1sne vlasy. Niektor\u00e9 \u017eeny maj\u00fa to \u0161\u0165astie, \u017ee maj\u00fa bezchybn\u00fd vzh\u013ead tak povediac od pr\u00edrody a nepotrebuj\u00fa takmer \u017eiadnu kozmetiku na to, aby vyzdvihli to, \u010do je na nich kr\u00e1sne. Pre v\u0161etky ostatn\u00e9 tu m\u00e1me prvotriednu kozmetiku zna\u010dky [&hellip;]","datePublished":"2023-10-08","dateModified":"2023-10-08","author":{"@type":"Person","@id":"https:\/\/www.aemo.cz\/author\/#Person","name":"","url":"https:\/\/www.aemo.cz\/author\/","identifier":1,"image":{"@type":"ImageObject","@id":"https:\/\/secure.gravatar.com\/avatar\/87132efef9f5972c3e770e1fb0907fb3dcc1311f82da5f30bffbae0bd81cf8c0?s=96&d=mm&r=g","url":"https:\/\/secure.gravatar.com\/avatar\/87132efef9f5972c3e770e1fb0907fb3dcc1311f82da5f30bffbae0bd81cf8c0?s=96&d=mm&r=g","height":96,"width":96}},"publisher":{"@type":"Organization","name":"aemo.cz","logo":{"@type":"ImageObject","@id":"\/logo.png","url":"\/logo.png","width":600,"height":60}},"url":"https:\/\/www.aemo.cz\/kozmetika-pre-vas\/","wordCount":215,"articleBody":"Pestovanie \u017eenskej kr\u00e1sy by malo by\u0165 bl\u00edzke v\u0161etk\u00fdm \u017een\u00e1m. Mu\u017ei na n\u00e1s miluj\u00fa hebk\u00fa, bezchybn\u00fa ple\u0165 a kr\u00e1sne vlasy. Niektor\u00e9 \u017eeny maj\u00fa to \u0161\u0165astie, \u017ee maj\u00fa bezchybn\u00fd vzh\u013ead tak povediac od pr\u00edrody a nepotrebuj\u00fa takmer \u017eiadnu kozmetiku na to, aby vyzdvihli to, \u010do je na nich kr\u00e1sne. Pre v\u0161etky ostatn\u00e9 tu m\u00e1me prvotriednu kozmetiku zna\u010dky Kallos, ktor\u00e1 je u\u017e od roku 1978 vern\u00fdm priate\u013eom v\u0161etk\u00fdch \u017eien, ktor\u00e9 t\u00fa\u017eia po kvalitn\u00fdch produktoch pre svoje telo. Vyu\u017e\u00edvame prvotriedne ingrediencie a neboj\u00edme sa siahnu\u0165 ani po nezvy\u010dajn\u00fdch, no \u00fa\u010dinn\u00fdch extraktoch, ak\u00e9 nepon\u00fakaj\u00fa v\u00fdrobky \u017eiadnej zna\u010dky na trhu!Rodinn\u00e1 firmaU\u017e vy\u0161e 30 rokov pracujeme s jedine\u010dnou kozmetikou na slovenskom trhu. Na\u0161e v\u00fdrobky s\u00fa ur\u010den\u00e9 pre vlasy a telo, pracujeme aj s dekorat\u00edvnou kozmetikou. Sme vhodnou vo\u013ebou pre v\u0161etky \u017eeny, ktor\u00e9 h\u013eadaj\u00fa len skuto\u010dn\u00fa kvalitu. Telo a vlasy m\u00e1te len jedno, tak pre\u010do str\u00e1ca\u0165 \u010das s lacnou, nekvalitnou kozmetikou, ktor\u00e1 v\u00e1m m\u00f4\u017ee privodi\u0165 alergick\u00e9 reakcie? Na\u0161e v\u00fdrobky u\u017e roky pou\u017e\u00edvaj\u00fa renomovan\u00e9 sal\u00f3ny a siahaj\u00fa po nich aj ich z\u00e1kazn\u00ed\u010dky do dom\u00e1cnost\u00ed!                                                                                                                                                                                                                                                                                                                                                                                                "},{"@context":"https:\/\/schema.org\/","@type":"BreadcrumbList","itemListElement":[{"@type":"ListItem","position":1,"name":"Kozmetika pre v\u00e1s","item":"https:\/\/www.aemo.cz\/kozmetika-pre-vas\/#breadcrumbitem"}]}]