[{"@context":"https:\/\/schema.org\/","@type":"Article","@id":"https:\/\/www.aemo.cz\/moderni-mikiny\/#Article","mainEntityOfPage":"https:\/\/www.aemo.cz\/moderni-mikiny\/","headline":"Modern\u00ed mikiny","name":"Modern\u00ed mikiny","description":"Pokud i vy m\u00e1te r\u00e1di kvalitn\u00ed materi\u00e1ly a kvalitn\u00ed oble\u010den\u00ed, tak se jist\u011b pod\u00edvejte na webov\u00e9 str\u00e1nky c-store.cz, kde najdete plno kvalitn\u00edch v\u011bc\u00ed. J\u00e1 sama jsem si tam obl\u00edbila kvalitn\u00ed a mikinu a tak\u00e9 kari traa bundu a dal\u0161\u00ed kari traa oble\u010den\u00ed. Mn\u011b se tohle l\u00edb\u00ed a zaujalo m\u011b to hlavn\u011b svou kvalitou. Sice samoz\u0159ejm\u011b [&hellip;]","datePublished":"2023-03-26","dateModified":"2023-04-27","author":{"@type":"Person","@id":"https:\/\/www.aemo.cz\/author\/#Person","name":"","url":"https:\/\/www.aemo.cz\/author\/","identifier":1,"image":{"@type":"ImageObject","@id":"https:\/\/secure.gravatar.com\/avatar\/87132efef9f5972c3e770e1fb0907fb3dcc1311f82da5f30bffbae0bd81cf8c0?s=96&d=mm&r=g","url":"https:\/\/secure.gravatar.com\/avatar\/87132efef9f5972c3e770e1fb0907fb3dcc1311f82da5f30bffbae0bd81cf8c0?s=96&d=mm&r=g","height":96,"width":96}},"publisher":{"@type":"Organization","name":"aemo.cz","logo":{"@type":"ImageObject","@id":"\/logo.png","url":"\/logo.png","width":600,"height":60}},"image":{"@type":"ImageObject","@id":"https:\/\/www.aemo.cz\/wp-content\/uploads\/woman-2048905_960_720_1.jpg","url":"https:\/\/www.aemo.cz\/wp-content\/uploads\/woman-2048905_960_720_1.jpg","height":0,"width":0},"url":"https:\/\/www.aemo.cz\/moderni-mikiny\/","about":["N\u00e1kupy"],"wordCount":419,"articleBody":"       Pokud i vy m\u00e1te r\u00e1di kvalitn\u00ed materi\u00e1ly a kvalitn\u00ed oble\u010den\u00ed, tak se jist\u011b pod\u00edvejte na webov\u00e9 str\u00e1nky c-store.cz, kde najdete plno kvalitn\u00edch v\u011bc\u00ed. J\u00e1 sama jsem si tam obl\u00edbila kvalitn\u00ed a mikinu a tak\u00e9 kari traa bundu a dal\u0161\u00ed kari traa oble\u010den\u00ed. Mn\u011b se tohle l\u00edb\u00ed a zaujalo m\u011b to hlavn\u011b svou kvalitou. Sice samoz\u0159ejm\u011b tam maj\u00ed o n\u011bco vy\u0161\u0161\u00ed, ale v\u0161ichni v\u00edme, \u017ee za kvalitu si ka\u017ed\u00fd \u010dlov\u011bk by m\u011bl p\u0159iplatit. J\u00e1 u\u017e sama jsem u\u017e pochopila to, \u017ee kdy\u017e si koup\u00edm kvalitn\u00ed v\u011bc, tak mi vydr\u017e\u00ed o mnoho d\u00e9le, ne\u017e kdy\u017e si koup\u00edm t\u0159eba nekvalitn\u00ed v\u011bci. U\u017e jsem kone\u010dn\u011b v tomhle jsem dosp\u011bla a \u0159ekla jsem si, \u017ee nem\u00e1 cenu kupovat levn\u00e9 oble\u010den\u00ed. Nav\u00edc j\u00e1 si stejn\u011b v\u017edycky obl\u00edb\u00edm n\u011bjak\u00fd kousek oble\u010den\u00ed, kter\u00fd nos\u00edm velice \u010dasto. A opravdu mi trv\u00e1 dlouho, ne\u017e se s n\u00edm rozlou\u010d\u00edm a d\u00e1m ho do spr\u00e1vn\u00e9ho kontejneru na oble\u010den\u00ed. Tak\u017ee jsem si \u0159ekla, \u017ee m\u011b se vlastn\u011b vyplat\u00ed si koupit n\u011bco drah\u00e9ho a kvalitn\u00edho. Pokud i vy sh\u00e1n\u00edte opravdu kvalitn\u00ed svetry a mikiny zna\u010dky kari traa, tak se pod\u00edvejte na zm\u00edn\u011bn\u00fd webov\u00fd obchod. A mikiny tam jsou opravdu kvalitn\u00ed a mysl\u00edm si, \u017ee s t\u00edm budete spokojen\u00ed. Tato mikina se d\u00e1 pou\u017e\u00edvat jak na sportov\u00e1n\u00ed, tak i na b\u011b\u017en\u00e9 no\u0161en\u00ed p\u0159\u00edrodou. Nebo pokud m\u00e1te r\u00e1di oby\u010dejn\u00fd sportovn\u00ed styl, tak jist\u011b nepohrdnete, kdysi kari traa mikinu vezmete tak\u00e9 do m\u011bsta.Anebo t\u0159eba n\u011bkam do pr\u00e1ce. J\u00e1 to jsem tuto mikinu nosila tak\u00e9 do pr\u00e1ce, proto\u017ee v pr\u00e1ci m\u011b byla zima. Nav\u00edc jsem pracovala ve skladu, tak\u017ee nikomu nevadilo, \u017ee nedodr\u017euj\u00ed \u017e\u00e1dn\u00fd dress code, ale \u017ee si vezmu prost\u011b kvalitn\u00ed teplou mikinu, ve kter\u00e9 se budu c\u00edtit pohodln\u011b, aby mi nebyla hlavn\u011b zima. A nav\u00edc jsou mikiny kari traa velmi stylov\u00e9 a jsou podle posledn\u00ed m\u00f3dy, tak\u017ee nebudete v mikin\u011b kari traa vypadat usedle. Sp\u00ed\u0161e naopak. J\u00e1 sama m\u00e1m mikiny celkov\u011b r\u00e1da, proto\u017ee jsou m\u011bkou\u010dk\u00e9, a nav\u00edc pln\u00ed takovou funkci, \u017ee je v\u00e1m teplo a \u017ee nemrznete. Nem\u00e1m r\u00e1da zimu a jsem nav\u00edc hodn\u011b zimou h\u0159\u00edva.                                                                                                                                                                                                                                                                                                                                                                                                  "},{"@context":"https:\/\/schema.org\/","@type":"BreadcrumbList","itemListElement":[{"@type":"ListItem","position":1,"name":"Modern\u00ed mikiny","item":"https:\/\/www.aemo.cz\/moderni-mikiny\/#breadcrumbitem"}]}]