{"@context":"https:\/\/schema.org\/","@type":"CollectionPage","@id":"https:\/\/www.aemo.cz\/nakupy\/#CollectionPage","headline":"N\u00e1kupy Category","description":"","url":"https:\/\/www.aemo.cz\/nakupy\/","hasPart":[{"@type":"Article","@id":"https:\/\/www.aemo.cz\/jaky-dum-si-vyberete\/","headline":"Jak\u00fd d\u016fm si vyberete?","url":"https:\/\/www.aemo.cz\/jaky-dum-si-vyberete\/","datePublished":"2023-06-20","dateModified":"2023-07-20","mainEntityOfPage":"https:\/\/www.aemo.cz\/jaky-dum-si-vyberete\/","author":{"@type":"Person","@id":"https:\/\/www.aemo.cz\/author\/#Person","name":"","url":"https:\/\/www.aemo.cz\/author\/","identifier":1,"image":{"@type":"ImageObject","@id":"https:\/\/secure.gravatar.com\/avatar\/87132efef9f5972c3e770e1fb0907fb3dcc1311f82da5f30bffbae0bd81cf8c0?s=96&d=mm&r=g","url":"https:\/\/secure.gravatar.com\/avatar\/87132efef9f5972c3e770e1fb0907fb3dcc1311f82da5f30bffbae0bd81cf8c0?s=96&d=mm&r=g","height":96,"width":96}},"publisher":{"@type":"Organization","name":"aemo.cz","logo":{"@type":"ImageObject","@id":"\/logo.png","url":"\/logo.png","width":600,"height":60}},"image":{"@type":"ImageObject","@id":"https:\/\/www.aemo.cz\/wp-content\/uploads\/alex-shu-WzRAL_jsb2k-unsplash(1).jpg","url":"https:\/\/www.aemo.cz\/wp-content\/uploads\/alex-shu-WzRAL_jsb2k-unsplash(1).jpg","height":0,"width":0},"keywords":null},{"@type":"Article","@id":"https:\/\/www.aemo.cz\/krasny-vystrih\/","headline":"Kr\u00e1sn\u00fd v\u00fdst\u0159ih","url":"https:\/\/www.aemo.cz\/krasny-vystrih\/","datePublished":"2023-06-19","dateModified":"2023-07-19","mainEntityOfPage":"https:\/\/www.aemo.cz\/krasny-vystrih\/","author":{"@type":"Person","@id":"https:\/\/www.aemo.cz\/author\/#Person","name":"","url":"https:\/\/www.aemo.cz\/author\/","identifier":1,"image":{"@type":"ImageObject","@id":"https:\/\/secure.gravatar.com\/avatar\/87132efef9f5972c3e770e1fb0907fb3dcc1311f82da5f30bffbae0bd81cf8c0?s=96&d=mm&r=g","url":"https:\/\/secure.gravatar.com\/avatar\/87132efef9f5972c3e770e1fb0907fb3dcc1311f82da5f30bffbae0bd81cf8c0?s=96&d=mm&r=g","height":96,"width":96}},"publisher":{"@type":"Organization","name":"aemo.cz","logo":{"@type":"ImageObject","@id":"\/logo.png","url":"\/logo.png","width":600,"height":60}},"image":{"@type":"ImageObject","@id":"https:\/\/www.aemo.cz\/wp-content\/uploads\/top_1.jpg","url":"https:\/\/www.aemo.cz\/wp-content\/uploads\/top_1.jpg","height":0,"width":0},"keywords":null},{"@type":"Article","@id":"https:\/\/www.aemo.cz\/problemy-pri-sexu\/","headline":"Probl\u00e9my p\u0159i sexu","url":"https:\/\/www.aemo.cz\/problemy-pri-sexu\/","datePublished":"2023-05-30","dateModified":"2024-05-30","mainEntityOfPage":"https:\/\/www.aemo.cz\/problemy-pri-sexu\/","author":{"@type":"Person","@id":"https:\/\/www.aemo.cz\/author\/#Person","name":"","url":"https:\/\/www.aemo.cz\/author\/","identifier":1,"image":{"@type":"ImageObject","@id":"https:\/\/secure.gravatar.com\/avatar\/87132efef9f5972c3e770e1fb0907fb3dcc1311f82da5f30bffbae0bd81cf8c0?s=96&d=mm&r=g","url":"https:\/\/secure.gravatar.com\/avatar\/87132efef9f5972c3e770e1fb0907fb3dcc1311f82da5f30bffbae0bd81cf8c0?s=96&d=mm&r=g","height":96,"width":96}},"publisher":{"@type":"Organization","name":"aemo.cz","logo":{"@type":"ImageObject","@id":"\/logo.png","url":"\/logo.png","width":600,"height":60}},"image":{"@type":"ImageObject","@id":"https:\/\/www.aemo.cz\/wp-content\/uploads\/womanizer-toys-1e3-lYkJsfs-unsplash_4.jpg","url":"https:\/\/www.aemo.cz\/wp-content\/uploads\/womanizer-toys-1e3-lYkJsfs-unsplash_4.jpg","height":0,"width":0},"keywords":null},{"@type":"Article","@id":"https:\/\/www.aemo.cz\/ztrata-erekce-vas-muze-potkat-i-na-dovolene\/","headline":"Ztr\u00e1ta erekce v\u00e1s m\u016f\u017ee potkat i na dovolen\u00e9","url":"https:\/\/www.aemo.cz\/ztrata-erekce-vas-muze-potkat-i-na-dovolene\/","datePublished":"2023-05-27","dateModified":"2023-07-24","mainEntityOfPage":"https:\/\/www.aemo.cz\/ztrata-erekce-vas-muze-potkat-i-na-dovolene\/","author":{"@type":"Person","@id":"https:\/\/www.aemo.cz\/author\/#Person","name":"","url":"https:\/\/www.aemo.cz\/author\/","identifier":1,"image":{"@type":"ImageObject","@id":"https:\/\/secure.gravatar.com\/avatar\/87132efef9f5972c3e770e1fb0907fb3dcc1311f82da5f30bffbae0bd81cf8c0?s=96&d=mm&r=g","url":"https:\/\/secure.gravatar.com\/avatar\/87132efef9f5972c3e770e1fb0907fb3dcc1311f82da5f30bffbae0bd81cf8c0?s=96&d=mm&r=g","height":96,"width":96}},"publisher":{"@type":"Organization","name":"aemo.cz","logo":{"@type":"ImageObject","@id":"\/logo.png","url":"\/logo.png","width":600,"height":60}},"image":{"@type":"ImageObject","@id":"https:\/\/www.aemo.cz\/wp-content\/uploads\/360-b-LN7L3nO-zvo-unsplash.jpg","url":"https:\/\/www.aemo.cz\/wp-content\/uploads\/360-b-LN7L3nO-zvo-unsplash.jpg","height":0,"width":0},"keywords":null},{"@type":"Article","@id":"https:\/\/www.aemo.cz\/vyhoda-vlastni-tiskarny\/","headline":"V\u00fdhoda vlastn\u00ed tisk\u00e1rny","url":"https:\/\/www.aemo.cz\/vyhoda-vlastni-tiskarny\/","datePublished":"2023-04-22","dateModified":"2023-05-31","mainEntityOfPage":"https:\/\/www.aemo.cz\/vyhoda-vlastni-tiskarny\/","author":{"@type":"Person","@id":"https:\/\/www.aemo.cz\/author\/#Person","name":"","url":"https:\/\/www.aemo.cz\/author\/","identifier":1,"image":{"@type":"ImageObject","@id":"https:\/\/secure.gravatar.com\/avatar\/87132efef9f5972c3e770e1fb0907fb3dcc1311f82da5f30bffbae0bd81cf8c0?s=96&d=mm&r=g","url":"https:\/\/secure.gravatar.com\/avatar\/87132efef9f5972c3e770e1fb0907fb3dcc1311f82da5f30bffbae0bd81cf8c0?s=96&d=mm&r=g","height":96,"width":96}},"publisher":{"@type":"Organization","name":"aemo.cz","logo":{"@type":"ImageObject","@id":"\/logo.png","url":"\/logo.png","width":600,"height":60}},"image":{"@type":"ImageObject","@id":"https:\/\/www.aemo.cz\/wp-content\/uploads\/copier-g8efdb879d_640.jpg","url":"https:\/\/www.aemo.cz\/wp-content\/uploads\/copier-g8efdb879d_640.jpg","height":0,"width":0},"keywords":null},{"@type":"Article","@id":"https:\/\/www.aemo.cz\/je-privesek-se-jmenem-deti-vhodny-darek\/","headline":"Je p\u0159\u00edv\u011bsek se jm\u00e9nem d\u011bt\u00ed vhodn\u00fd d\u00e1rek?","url":"https:\/\/www.aemo.cz\/je-privesek-se-jmenem-deti-vhodny-darek\/","datePublished":"2023-04-19","dateModified":"2023-05-19","mainEntityOfPage":"https:\/\/www.aemo.cz\/je-privesek-se-jmenem-deti-vhodny-darek\/","author":{"@type":"Person","@id":"https:\/\/www.aemo.cz\/author\/#Person","name":"","url":"https:\/\/www.aemo.cz\/author\/","identifier":1,"image":{"@type":"ImageObject","@id":"https:\/\/secure.gravatar.com\/avatar\/87132efef9f5972c3e770e1fb0907fb3dcc1311f82da5f30bffbae0bd81cf8c0?s=96&d=mm&r=g","url":"https:\/\/secure.gravatar.com\/avatar\/87132efef9f5972c3e770e1fb0907fb3dcc1311f82da5f30bffbae0bd81cf8c0?s=96&d=mm&r=g","height":96,"width":96}},"publisher":{"@type":"Organization","name":"aemo.cz","logo":{"@type":"ImageObject","@id":"\/logo.png","url":"\/logo.png","width":600,"height":60}},"image":{"@type":"ImageObject","@id":"https:\/\/www.aemo.cz\/wp-content\/uploads\/dite3_3.jpg","url":"https:\/\/www.aemo.cz\/wp-content\/uploads\/dite3_3.jpg","height":0,"width":0},"keywords":null},{"@type":"Article","@id":"https:\/\/www.aemo.cz\/obleceni-take-zdrazilo\/","headline":"Oble\u010den\u00ed tak\u00e9 zdra\u017eilo","url":"https:\/\/www.aemo.cz\/obleceni-take-zdrazilo\/","datePublished":"2023-04-15","dateModified":"2023-05-18","mainEntityOfPage":"https:\/\/www.aemo.cz\/obleceni-take-zdrazilo\/","author":{"@type":"Person","@id":"https:\/\/www.aemo.cz\/author\/#Person","name":"","url":"https:\/\/www.aemo.cz\/author\/","identifier":1,"image":{"@type":"ImageObject","@id":"https:\/\/secure.gravatar.com\/avatar\/87132efef9f5972c3e770e1fb0907fb3dcc1311f82da5f30bffbae0bd81cf8c0?s=96&d=mm&r=g","url":"https:\/\/secure.gravatar.com\/avatar\/87132efef9f5972c3e770e1fb0907fb3dcc1311f82da5f30bffbae0bd81cf8c0?s=96&d=mm&r=g","height":96,"width":96}},"publisher":{"@type":"Organization","name":"aemo.cz","logo":{"@type":"ImageObject","@id":"\/logo.png","url":"\/logo.png","width":600,"height":60}},"image":{"@type":"ImageObject","@id":"https:\/\/www.aemo.cz\/wp-content\/uploads\/clothes-5371410_640_10.jpg","url":"https:\/\/www.aemo.cz\/wp-content\/uploads\/clothes-5371410_640_10.jpg","height":0,"width":0},"keywords":null},{"@type":"Article","@id":"https:\/\/www.aemo.cz\/idealni-investice\/","headline":"Ide\u00e1ln\u00ed investice","url":"https:\/\/www.aemo.cz\/idealni-investice\/","datePublished":"2023-04-11","dateModified":"2023-05-18","mainEntityOfPage":"https:\/\/www.aemo.cz\/idealni-investice\/","author":{"@type":"Person","@id":"https:\/\/www.aemo.cz\/author\/#Person","name":"","url":"https:\/\/www.aemo.cz\/author\/","identifier":1,"image":{"@type":"ImageObject","@id":"https:\/\/secure.gravatar.com\/avatar\/87132efef9f5972c3e770e1fb0907fb3dcc1311f82da5f30bffbae0bd81cf8c0?s=96&d=mm&r=g","url":"https:\/\/secure.gravatar.com\/avatar\/87132efef9f5972c3e770e1fb0907fb3dcc1311f82da5f30bffbae0bd81cf8c0?s=96&d=mm&r=g","height":96,"width":96}},"publisher":{"@type":"Organization","name":"aemo.cz","logo":{"@type":"ImageObject","@id":"\/logo.png","url":"\/logo.png","width":600,"height":60}},"image":{"@type":"ImageObject","@id":"https:\/\/www.aemo.cz\/wp-content\/uploads\/Ananas%20ve%20vod%C4%9B_1.jpg","url":"https:\/\/www.aemo.cz\/wp-content\/uploads\/Ananas%20ve%20vod%C4%9B_1.jpg","height":0,"width":0},"keywords":null},{"@type":"Article","@id":"https:\/\/www.aemo.cz\/moderni-mikiny\/","headline":"Modern\u00ed mikiny","url":"https:\/\/www.aemo.cz\/moderni-mikiny\/","datePublished":"2023-03-26","dateModified":"2023-04-27","mainEntityOfPage":"https:\/\/www.aemo.cz\/moderni-mikiny\/","author":{"@type":"Person","@id":"https:\/\/www.aemo.cz\/author\/#Person","name":"","url":"https:\/\/www.aemo.cz\/author\/","identifier":1,"image":{"@type":"ImageObject","@id":"https:\/\/secure.gravatar.com\/avatar\/87132efef9f5972c3e770e1fb0907fb3dcc1311f82da5f30bffbae0bd81cf8c0?s=96&d=mm&r=g","url":"https:\/\/secure.gravatar.com\/avatar\/87132efef9f5972c3e770e1fb0907fb3dcc1311f82da5f30bffbae0bd81cf8c0?s=96&d=mm&r=g","height":96,"width":96}},"publisher":{"@type":"Organization","name":"aemo.cz","logo":{"@type":"ImageObject","@id":"\/logo.png","url":"\/logo.png","width":600,"height":60}},"image":{"@type":"ImageObject","@id":"https:\/\/www.aemo.cz\/wp-content\/uploads\/woman-2048905_960_720_1.jpg","url":"https:\/\/www.aemo.cz\/wp-content\/uploads\/woman-2048905_960_720_1.jpg","height":0,"width":0},"keywords":null},{"@type":"Article","@id":"https:\/\/www.aemo.cz\/mate-zajem-o-pekne-kojenecke-obleceni\/","headline":"M\u00e1te z\u00e1jem o p\u011bkn\u00e9 kojeneck\u00e9 oble\u010den\u00ed?","url":"https:\/\/www.aemo.cz\/mate-zajem-o-pekne-kojenecke-obleceni\/","datePublished":"2023-03-25","dateModified":"2023-04-26","mainEntityOfPage":"https:\/\/www.aemo.cz\/mate-zajem-o-pekne-kojenecke-obleceni\/","author":{"@type":"Person","@id":"https:\/\/www.aemo.cz\/author\/#Person","name":"","url":"https:\/\/www.aemo.cz\/author\/","identifier":1,"image":{"@type":"ImageObject","@id":"https:\/\/secure.gravatar.com\/avatar\/87132efef9f5972c3e770e1fb0907fb3dcc1311f82da5f30bffbae0bd81cf8c0?s=96&d=mm&r=g","url":"https:\/\/secure.gravatar.com\/avatar\/87132efef9f5972c3e770e1fb0907fb3dcc1311f82da5f30bffbae0bd81cf8c0?s=96&d=mm&r=g","height":96,"width":96}},"publisher":{"@type":"Organization","name":"aemo.cz","logo":{"@type":"ImageObject","@id":"\/logo.png","url":"\/logo.png","width":600,"height":60}},"image":{"@type":"ImageObject","@id":"https:\/\/www.aemo.cz\/wp-content\/uploads\/dit_9.JPG","url":"https:\/\/www.aemo.cz\/wp-content\/uploads\/dit_9.JPG","height":0,"width":0},"keywords":null}]}