[{"@context":"https:\/\/schema.org\/","@type":"Blog","@id":"https:\/\/www.aemo.cz#Blog","headline":"Aemo","description":"\nSlibovat um\u00ed ka\u017ed\u00fd. N\u011bkdo dokonce tak, \u017ee mu kdekdo nalet\u00ed. Ale my na na\u0161em webu se vyzna\u010dujeme t\u00edm, \u017ee co v\u00e1m sl\u00edb\u00edme, to tak\u00e9 ur\u010dit\u011b spln\u00edme.","url":"https:\/\/www.aemo.cz","hasPart":[{"@type":"Article","@id":"https:\/\/www.aemo.cz\/vzpominky-na-dovolenou\/","headline":"Vzpom\u00ednky na dovolenou","url":"https:\/\/www.aemo.cz\/vzpominky-na-dovolenou\/","datePublished":"2023-09-09","dateModified":"2024-01-11","mainEntityOfPage":"https:\/\/www.aemo.cz\/vzpominky-na-dovolenou\/","author":{"@type":"Person","@id":"https:\/\/www.aemo.cz\/author\/#Person","name":"","url":"https:\/\/www.aemo.cz\/author\/","identifier":1,"image":{"@type":"ImageObject","@id":"https:\/\/secure.gravatar.com\/avatar\/87132efef9f5972c3e770e1fb0907fb3dcc1311f82da5f30bffbae0bd81cf8c0?s=96&d=mm&r=g","url":"https:\/\/secure.gravatar.com\/avatar\/87132efef9f5972c3e770e1fb0907fb3dcc1311f82da5f30bffbae0bd81cf8c0?s=96&d=mm&r=g","height":96,"width":96}},"publisher":{"@type":"Organization","name":"aemo.cz","logo":{"@type":"ImageObject","@id":"\/logo.png","url":"\/logo.png","width":600,"height":60}},"image":{"@type":"ImageObject","@id":"https:\/\/www.aemo.cz\/wp-content\/uploads\/spa-382344_640_1.jpg","url":"https:\/\/www.aemo.cz\/wp-content\/uploads\/spa-382344_640_1.jpg","height":0,"width":0},"wordCount":944,"keywords":null},{"@type":"Article","@id":"https:\/\/www.aemo.cz\/jak-spravne-vybrat-byt\/","headline":"Jak spr\u00e1vn\u011b vybrat byt","url":"https:\/\/www.aemo.cz\/jak-spravne-vybrat-byt\/","datePublished":"2023-09-08","dateModified":"2024-02-09","mainEntityOfPage":"https:\/\/www.aemo.cz\/jak-spravne-vybrat-byt\/","author":{"@type":"Person","@id":"https:\/\/www.aemo.cz\/author\/#Person","name":"","url":"https:\/\/www.aemo.cz\/author\/","identifier":1,"image":{"@type":"ImageObject","@id":"https:\/\/secure.gravatar.com\/avatar\/87132efef9f5972c3e770e1fb0907fb3dcc1311f82da5f30bffbae0bd81cf8c0?s=96&d=mm&r=g","url":"https:\/\/secure.gravatar.com\/avatar\/87132efef9f5972c3e770e1fb0907fb3dcc1311f82da5f30bffbae0bd81cf8c0?s=96&d=mm&r=g","height":96,"width":96}},"publisher":{"@type":"Organization","name":"aemo.cz","logo":{"@type":"ImageObject","@id":"\/logo.png","url":"\/logo.png","width":600,"height":60}},"image":{"@type":"ImageObject","@id":"https:\/\/www.aemo.cz\/wp-content\/uploads\/byt2_10_1.jpg","url":"https:\/\/www.aemo.cz\/wp-content\/uploads\/byt2_10_1.jpg","height":0,"width":0},"wordCount":994,"keywords":null},{"@type":"Article","@id":"https:\/\/www.aemo.cz\/proc-kourit-e-cigarety\/","headline":"Pro\u010d kou\u0159it e-cigarety?","url":"https:\/\/www.aemo.cz\/proc-kourit-e-cigarety\/","datePublished":"2023-09-06","dateModified":"2023-11-07","mainEntityOfPage":"https:\/\/www.aemo.cz\/proc-kourit-e-cigarety\/","author":{"@type":"Person","@id":"https:\/\/www.aemo.cz\/author\/#Person","name":"","url":"https:\/\/www.aemo.cz\/author\/","identifier":1,"image":{"@type":"ImageObject","@id":"https:\/\/secure.gravatar.com\/avatar\/87132efef9f5972c3e770e1fb0907fb3dcc1311f82da5f30bffbae0bd81cf8c0?s=96&d=mm&r=g","url":"https:\/\/secure.gravatar.com\/avatar\/87132efef9f5972c3e770e1fb0907fb3dcc1311f82da5f30bffbae0bd81cf8c0?s=96&d=mm&r=g","height":96,"width":96}},"publisher":{"@type":"Organization","name":"aemo.cz","logo":{"@type":"ImageObject","@id":"\/logo.png","url":"\/logo.png","width":600,"height":60}},"image":{"@type":"ImageObject","@id":"https:\/\/www.aemo.cz\/wp-content\/uploads\/e-cigarette-gb6d4fc348_640_6.jpg","url":"https:\/\/www.aemo.cz\/wp-content\/uploads\/e-cigarette-gb6d4fc348_640_6.jpg","height":0,"width":0},"wordCount":504,"keywords":null},{"@type":"Article","@id":"https:\/\/www.aemo.cz\/perfektni-volba-do-kazdeho-domu\/","headline":"Perfektn\u00ed volba do ka\u017ed\u00e9ho domu","url":"https:\/\/www.aemo.cz\/perfektni-volba-do-kazdeho-domu\/","datePublished":"2023-09-02","dateModified":"2023-09-02","mainEntityOfPage":"https:\/\/www.aemo.cz\/perfektni-volba-do-kazdeho-domu\/","author":{"@type":"Person","@id":"https:\/\/www.aemo.cz\/author\/#Person","name":"","url":"https:\/\/www.aemo.cz\/author\/","identifier":1,"image":{"@type":"ImageObject","@id":"https:\/\/secure.gravatar.com\/avatar\/87132efef9f5972c3e770e1fb0907fb3dcc1311f82da5f30bffbae0bd81cf8c0?s=96&d=mm&r=g","url":"https:\/\/secure.gravatar.com\/avatar\/87132efef9f5972c3e770e1fb0907fb3dcc1311f82da5f30bffbae0bd81cf8c0?s=96&d=mm&r=g","height":96,"width":96}},"publisher":{"@type":"Organization","name":"aemo.cz","logo":{"@type":"ImageObject","@id":"\/logo.png","url":"\/logo.png","width":600,"height":60}},"image":null,"wordCount":270,"keywords":null},{"@type":"Article","@id":"https:\/\/www.aemo.cz\/gymnastika-a-kladina\/","headline":"Gymnastika a kladina","url":"https:\/\/www.aemo.cz\/gymnastika-a-kladina\/","datePublished":"2023-08-28","dateModified":"2024-03-28","mainEntityOfPage":"https:\/\/www.aemo.cz\/gymnastika-a-kladina\/","author":{"@type":"Person","@id":"https:\/\/www.aemo.cz\/author\/#Person","name":"","url":"https:\/\/www.aemo.cz\/author\/","identifier":1,"image":{"@type":"ImageObject","@id":"https:\/\/secure.gravatar.com\/avatar\/87132efef9f5972c3e770e1fb0907fb3dcc1311f82da5f30bffbae0bd81cf8c0?s=96&d=mm&r=g","url":"https:\/\/secure.gravatar.com\/avatar\/87132efef9f5972c3e770e1fb0907fb3dcc1311f82da5f30bffbae0bd81cf8c0?s=96&d=mm&r=g","height":96,"width":96}},"publisher":{"@type":"Organization","name":"aemo.cz","logo":{"@type":"ImageObject","@id":"\/logo.png","url":"\/logo.png","width":600,"height":60}},"image":{"@type":"ImageObject","@id":"https:\/\/www.aemo.cz\/wp-content\/uploads\/girl-908614_1280.jpg","url":"https:\/\/www.aemo.cz\/wp-content\/uploads\/girl-908614_1280.jpg","height":0,"width":0},"wordCount":816,"keywords":null},{"@type":"Article","@id":"https:\/\/www.aemo.cz\/kosmeticka-neni-vzdy-potreba\/","headline":"Kosmeti\u010dka nen\u00ed v\u017edy pot\u0159eba","url":"https:\/\/www.aemo.cz\/kosmeticka-neni-vzdy-potreba\/","datePublished":"2023-07-28","dateModified":"2024-03-28","mainEntityOfPage":"https:\/\/www.aemo.cz\/kosmeticka-neni-vzdy-potreba\/","author":{"@type":"Person","@id":"https:\/\/www.aemo.cz\/author\/#Person","name":"","url":"https:\/\/www.aemo.cz\/author\/","identifier":1,"image":{"@type":"ImageObject","@id":"https:\/\/secure.gravatar.com\/avatar\/87132efef9f5972c3e770e1fb0907fb3dcc1311f82da5f30bffbae0bd81cf8c0?s=96&d=mm&r=g","url":"https:\/\/secure.gravatar.com\/avatar\/87132efef9f5972c3e770e1fb0907fb3dcc1311f82da5f30bffbae0bd81cf8c0?s=96&d=mm&r=g","height":96,"width":96}},"publisher":{"@type":"Organization","name":"aemo.cz","logo":{"@type":"ImageObject","@id":"\/logo.png","url":"\/logo.png","width":600,"height":60}},"image":{"@type":"ImageObject","@id":"https:\/\/www.aemo.cz\/wp-content\/uploads\/alexander-krivitskiy-BNBMtvCvHqc-unsplash_4.jpg","url":"https:\/\/www.aemo.cz\/wp-content\/uploads\/alexander-krivitskiy-BNBMtvCvHqc-unsplash_4.jpg","height":0,"width":0},"wordCount":850,"keywords":null},{"@type":"Article","@id":"https:\/\/www.aemo.cz\/i-na-krizi-stredniho-veku\/","headline":"I na krizi st\u0159edn\u00edho v\u011bku","url":"https:\/\/www.aemo.cz\/i-na-krizi-stredniho-veku\/","datePublished":"2023-07-27","dateModified":"2023-07-27","mainEntityOfPage":"https:\/\/www.aemo.cz\/i-na-krizi-stredniho-veku\/","author":{"@type":"Person","@id":"https:\/\/www.aemo.cz\/author\/#Person","name":"","url":"https:\/\/www.aemo.cz\/author\/","identifier":1,"image":{"@type":"ImageObject","@id":"https:\/\/secure.gravatar.com\/avatar\/87132efef9f5972c3e770e1fb0907fb3dcc1311f82da5f30bffbae0bd81cf8c0?s=96&d=mm&r=g","url":"https:\/\/secure.gravatar.com\/avatar\/87132efef9f5972c3e770e1fb0907fb3dcc1311f82da5f30bffbae0bd81cf8c0?s=96&d=mm&r=g","height":96,"width":96}},"publisher":{"@type":"Organization","name":"aemo.cz","logo":{"@type":"ImageObject","@id":"\/logo.png","url":"\/logo.png","width":600,"height":60}},"image":null,"wordCount":276,"keywords":null},{"@type":"Article","@id":"https:\/\/www.aemo.cz\/spanek-podle-ajurvedy\/","headline":"Sp\u00e1nek podle ajurv\u00e9dy","url":"https:\/\/www.aemo.cz\/spanek-podle-ajurvedy\/","datePublished":"2023-07-17","dateModified":"2024-05-17","mainEntityOfPage":"https:\/\/www.aemo.cz\/spanek-podle-ajurvedy\/","author":{"@type":"Person","@id":"https:\/\/www.aemo.cz\/author\/#Person","name":"","url":"https:\/\/www.aemo.cz\/author\/","identifier":1,"image":{"@type":"ImageObject","@id":"https:\/\/secure.gravatar.com\/avatar\/87132efef9f5972c3e770e1fb0907fb3dcc1311f82da5f30bffbae0bd81cf8c0?s=96&d=mm&r=g","url":"https:\/\/secure.gravatar.com\/avatar\/87132efef9f5972c3e770e1fb0907fb3dcc1311f82da5f30bffbae0bd81cf8c0?s=96&d=mm&r=g","height":96,"width":96}},"publisher":{"@type":"Organization","name":"aemo.cz","logo":{"@type":"ImageObject","@id":"\/logo.png","url":"\/logo.png","width":600,"height":60}},"image":{"@type":"ImageObject","@id":"https:\/\/www.aemo.cz\/wp-content\/uploads\/eee_10_10_10_9.jpg","url":"https:\/\/www.aemo.cz\/wp-content\/uploads\/eee_10_10_10_9.jpg","height":0,"width":0},"wordCount":523,"keywords":null},{"@type":"Article","@id":"https:\/\/www.aemo.cz\/je-vas-hromosvod-opravdu-funkcni\/","headline":"Je v\u00e1\u0161 hromosvod opravdu funk\u010dn\u00ed","url":"https:\/\/www.aemo.cz\/je-vas-hromosvod-opravdu-funkcni\/","datePublished":"2023-07-15","dateModified":"2024-04-16","mainEntityOfPage":"https:\/\/www.aemo.cz\/je-vas-hromosvod-opravdu-funkcni\/","author":{"@type":"Person","@id":"https:\/\/www.aemo.cz\/author\/#Person","name":"","url":"https:\/\/www.aemo.cz\/author\/","identifier":1,"image":{"@type":"ImageObject","@id":"https:\/\/secure.gravatar.com\/avatar\/87132efef9f5972c3e770e1fb0907fb3dcc1311f82da5f30bffbae0bd81cf8c0?s=96&d=mm&r=g","url":"https:\/\/secure.gravatar.com\/avatar\/87132efef9f5972c3e770e1fb0907fb3dcc1311f82da5f30bffbae0bd81cf8c0?s=96&d=mm&r=g","height":96,"width":96}},"publisher":{"@type":"Organization","name":"aemo.cz","logo":{"@type":"ImageObject","@id":"\/logo.png","url":"\/logo.png","width":600,"height":60}},"image":{"@type":"ImageObject","@id":"https:\/\/www.aemo.cz\/wp-content\/uploads\/lightning-3087117_640.jpg","url":"https:\/\/www.aemo.cz\/wp-content\/uploads\/lightning-3087117_640.jpg","height":0,"width":0},"wordCount":580,"keywords":null},{"@type":"Article","@id":"https:\/\/www.aemo.cz\/bydleni-je-zaklad\/","headline":"Bydlen\u00ed je z\u00e1klad","url":"https:\/\/www.aemo.cz\/bydleni-je-zaklad\/","datePublished":"2023-06-27","dateModified":"2023-07-27","mainEntityOfPage":"https:\/\/www.aemo.cz\/bydleni-je-zaklad\/","author":{"@type":"Person","@id":"https:\/\/www.aemo.cz\/author\/#Person","name":"","url":"https:\/\/www.aemo.cz\/author\/","identifier":1,"image":{"@type":"ImageObject","@id":"https:\/\/secure.gravatar.com\/avatar\/87132efef9f5972c3e770e1fb0907fb3dcc1311f82da5f30bffbae0bd81cf8c0?s=96&d=mm&r=g","url":"https:\/\/secure.gravatar.com\/avatar\/87132efef9f5972c3e770e1fb0907fb3dcc1311f82da5f30bffbae0bd81cf8c0?s=96&d=mm&r=g","height":96,"width":96}},"publisher":{"@type":"Organization","name":"aemo.cz","logo":{"@type":"ImageObject","@id":"\/logo.png","url":"\/logo.png","width":600,"height":60}},"image":{"@type":"ImageObject","@id":"https:\/\/www.aemo.cz\/wp-content\/uploads\/new-home-1664284_640_10_9.jpg","url":"https:\/\/www.aemo.cz\/wp-content\/uploads\/new-home-1664284_640_10_9.jpg","height":0,"width":0},"wordCount":542,"keywords":null}]},{"@context":"https:\/\/schema.org","@type":"WebSite","@id":"https:\/\/www.aemo.cz\/#website","name":"Aemo","url":"https:\/\/www.aemo.cz","potentialAction":{"@type":"SearchAction","target":"https:\/\/www.aemo.cz\/?s={search_term_string}","query-input":"required name=search_term_string"}}]