[{"@context":"https:\/\/schema.org\/","@type":"Article","@id":"https:\/\/www.aemo.cz\/pekna-mriz\/#Article","mainEntityOfPage":"https:\/\/www.aemo.cz\/pekna-mriz\/","headline":"P\u011bkn\u00e1 m\u0159\u00ed\u017e","name":"P\u011bkn\u00e1 m\u0159\u00ed\u017e","description":"V\u017edycky jsem m\u011bla r\u00e1da design. A byla jsem takov\u00e1 designov\u00e1 du\u0161e, proto\u017ee jsem v\u017edycky moc r\u00e1da n\u011bco vyr\u00e1b\u011bla. A proto u\u017e jako mal\u00e9 d\u00edt\u011b se moc r\u00e1da chodila do krou\u017eku keramiky, kam jsem tak\u00e9 chodila se sv\u00fdmi mlad\u0161\u00edmi bratry. Do krou\u017eku keramiky n\u00e1s p\u0159ihl\u00e1sila moje m\u00e1ma, proto\u017ee kdy\u017e moje m\u00e1ma byla mal\u00e1, tak tak\u00e9 chodila [&hellip;]","datePublished":"2023-03-28","dateModified":"2023-05-18","author":{"@type":"Person","@id":"https:\/\/www.aemo.cz\/author\/#Person","name":"","url":"https:\/\/www.aemo.cz\/author\/","identifier":1,"image":{"@type":"ImageObject","@id":"https:\/\/secure.gravatar.com\/avatar\/87132efef9f5972c3e770e1fb0907fb3dcc1311f82da5f30bffbae0bd81cf8c0?s=96&d=mm&r=g","url":"https:\/\/secure.gravatar.com\/avatar\/87132efef9f5972c3e770e1fb0907fb3dcc1311f82da5f30bffbae0bd81cf8c0?s=96&d=mm&r=g","height":96,"width":96}},"publisher":{"@type":"Organization","name":"aemo.cz","logo":{"@type":"ImageObject","@id":"\/logo.png","url":"\/logo.png","width":600,"height":60}},"image":{"@type":"ImageObject","@id":"https:\/\/www.aemo.cz\/wp-content\/uploads\/goal-2903871_960_720.png","url":"https:\/\/www.aemo.cz\/wp-content\/uploads\/goal-2903871_960_720.png","height":0,"width":0},"url":"https:\/\/www.aemo.cz\/pekna-mriz\/","about":["Spole\u010dnosti"],"wordCount":425,"articleBody":"        V\u017edycky jsem m\u011bla r\u00e1da design. A byla jsem takov\u00e1 designov\u00e1 du\u0161e, proto\u017ee jsem v\u017edycky moc r\u00e1da n\u011bco vyr\u00e1b\u011bla. A proto u\u017e jako mal\u00e9 d\u00edt\u011b se moc r\u00e1da chodila do krou\u017eku keramiky, kam jsem tak\u00e9 chodila se sv\u00fdmi mlad\u0161\u00edmi bratry. Do krou\u017eku keramiky n\u00e1s p\u0159ihl\u00e1sila moje m\u00e1ma, proto\u017ee kdy\u017e moje m\u00e1ma byla mal\u00e1, tak tak\u00e9 chodila na gymnastiku a tak\u00e9 na keramiku. Tak\u017ee asi tento um\u011bleck\u00fd smysl m\u00e1me v rodin\u011b. Tak\u00e9 jsem si \u0159\u00edkala, \u017ee kdy\u017e bych vy\u0161la z\u00e1kladn\u00ed \u0161kolu, \u017ee bych \u0161el na n\u011bjakou um\u011bleckou \u0161kolu. A v tomhle duchu cht\u011bl pokra\u010dovat i jeden m\u016fj mlad\u0161\u00ed bratr.Tak\u017ee jsme si \u0159ekli, \u017ee bychom \u0161li t\u0159eba spolu na um\u011bleckou \u0161kolu, \u017ee by to bylo prima. J\u00e1 bych sice u\u017e byla ve t\u0159et\u00edm ro\u010dn\u00edku, zat\u00edmco mlad\u0161\u00ed bratr by nastupoval do prvn\u00edho ro\u010dn\u00edku st\u0159edn\u00ed um\u011bleck\u00e9 \u0161koly, ale nevad\u00ed. Nakonec to dopadlo tak, \u017ee j\u00e1 jsem bohu\u017eel \u0161kolu nedod\u011blala, ale m\u016fj bratr ano, tak\u017ee jsem na n\u011bj vyla velmi py\u0161n\u00e1. A nakonec m\u016fj bratr se stal um\u011bleck\u00fdm kov\u00e1\u0159em. Ani nemus\u00edm \u0159\u00edkat, jak je to v\u00fdhodn\u00e9, proto\u017ee j\u00e1 m\u00e1m alespo\u0148 svou zahradu s p\u0159\u00edtelem tak kr\u00e1sn\u011b ud\u011blanou a navr\u017eenou, \u017ee z toho a\u017e p\u0159ech\u00e1z\u00ed zrak. M\u016fj bratr mi ud\u011blal kr\u00e1snou kovanou m\u0159\u00ed\u017e, proto\u017ee j\u00e1 sama u\u017e jsem pot\u0159ebovala dv\u011b kovan\u00e9 m\u0159\u00ed\u017ee na to, kdy\u017e jsem si zasela hr\u00e1\u0161ek, aby se hr\u00e1\u0161ek mohl po n\u011b\u010dem plazit. A v\u011b\u0159te mi nebo ne, ale takov\u00e1 kovan\u00e1 designov\u00e1 m\u0159\u00ed\u017e, d\u011blan\u00e1 na zak\u00e1zku m\u00fdm bratrem, tak to vypad\u00e1 velice elegantn\u011b a t\u011b\u0161\u00ed m\u011b to. A je to takov\u00e1 zaj\u00edmav\u00e1 kovan\u00e1 m\u0159\u00ed\u017e, kterou v\u00e1m tak\u00e9 mohu doporu\u010dit. A pokud si nech\u00e1te ud\u011blat n\u011bco na zak\u00e1zku s vlastn\u00edm designem, tak ud\u011bl\u00e1te dvojn\u00e1sobnou radost sob\u011b, proto\u017ee to vlastn\u011b bude navr\u017eeno v\u00e1mi a budete m\u00edt takovou unik\u00e1tn\u00ed v\u011bc. A to nebude m\u00edt jenom tak n\u011bkdo. A v\u00edce informac\u00ed se dozv\u00edte na webov\u00e9 str\u00e1nce artsmith.cz, kde je v\u00edce v\u011bc\u00ed o t\u011bchto kr\u00e1sn\u00fdch kovan\u00fdch m\u0159\u00ed\u017e\u00ed Artsmith.cz a dal\u0161\u00edch podobn\u00fdch v\u011bcech.                                                                                                                                                                                                                                                                                                                                                                                                  "},{"@context":"https:\/\/schema.org\/","@type":"BreadcrumbList","itemListElement":[{"@type":"ListItem","position":1,"name":"P\u011bkn\u00e1 m\u0159\u00ed\u017e","item":"https:\/\/www.aemo.cz\/pekna-mriz\/#breadcrumbitem"}]}]