[{"@context":"https:\/\/schema.org\/","@type":"Article","@id":"https:\/\/www.aemo.cz\/zeny-a-vztah-k-detem\/#Article","mainEntityOfPage":"https:\/\/www.aemo.cz\/zeny-a-vztah-k-detem\/","headline":"\u017deny a vztah k d\u011btem","name":"\u017deny a vztah k d\u011btem","description":"Pokud maj\u00ed \u017eeny n\u011bco, co mu\u017ei mnohdy nem\u00edvaj\u00ed, pak je to opravdu dobr\u00fd vztah k\u00a0d\u011btem. Jen m\u00e1lo mu\u017e\u016f m\u00e1 takov\u00fd vztah k\u00a0d\u011btem, jako maj\u00ed \u017eeny. Pr\u00e1v\u011b to je mnohdy ten d\u016fvod, pro\u010d \u017eeny o d\u011bti tolik stoj\u00ed. Mu\u017ei na d\u011bti p\u0159\u00edli\u0161 nesp\u011bchaj\u00ed, ale \u017eeny mnohdy ano a \u010d\u00edm d\u0159\u00edve je budou m\u00edt, t\u00edm v\u011bt\u0161\u00ed radost [&hellip;]","datePublished":"2022-12-25","dateModified":"2023-04-26","author":{"@type":"Person","@id":"https:\/\/www.aemo.cz\/author\/#Person","name":"","url":"https:\/\/www.aemo.cz\/author\/","identifier":1,"image":{"@type":"ImageObject","@id":"https:\/\/secure.gravatar.com\/avatar\/87132efef9f5972c3e770e1fb0907fb3dcc1311f82da5f30bffbae0bd81cf8c0?s=96&d=mm&r=g","url":"https:\/\/secure.gravatar.com\/avatar\/87132efef9f5972c3e770e1fb0907fb3dcc1311f82da5f30bffbae0bd81cf8c0?s=96&d=mm&r=g","height":96,"width":96}},"publisher":{"@type":"Organization","name":"aemo.cz","logo":{"@type":"ImageObject","@id":"\/logo.png","url":"\/logo.png","width":600,"height":60}},"image":{"@type":"ImageObject","@id":"https:\/\/www.aemo.cz\/wp-content\/uploads\/di_6.JPG","url":"https:\/\/www.aemo.cz\/wp-content\/uploads\/di_6.JPG","height":0,"width":0},"url":"https:\/\/www.aemo.cz\/zeny-a-vztah-k-detem\/","about":["D\u011bti"],"wordCount":478,"articleBody":"Pokud maj\u00ed \u017eeny n\u011bco, co mu\u017ei mnohdy nem\u00edvaj\u00ed, pak je to opravdu dobr\u00fd vztah k\u00a0d\u011btem. Jen m\u00e1lo mu\u017e\u016f m\u00e1 takov\u00fd vztah k\u00a0d\u011btem, jako maj\u00ed \u017eeny. Pr\u00e1v\u011b to je mnohdy ten d\u016fvod, pro\u010d \u017eeny o d\u011bti tolik stoj\u00ed. Mu\u017ei na d\u011bti p\u0159\u00edli\u0161 nesp\u011bchaj\u00ed, ale \u017eeny mnohdy ano a \u010d\u00edm d\u0159\u00edve je budou m\u00edt, t\u00edm v\u011bt\u0161\u00ed radost z\u00a0toho budou m\u00edt.U \u017een je to tak, \u017ee mnohdy cht\u011bj\u00ed m\u00edt sv\u00e9 prvn\u00ed d\u00edt\u011b okolo 25 \u2013 30 let v\u011bku. Mu\u017ei cht\u011bj\u00ed m\u00edt prvn\u00ed d\u00edt\u011b a\u017e v\u00a0dob\u011b, kdy jim je okolo 30 \u2013 35 let. N\u011bkdy dokonce i pozd\u011bji.Ur\u010dit\u011b jsou i mu\u017ei, kte\u0159\u00ed by cht\u011bli d\u00edt\u011b d\u0159\u00edve, ale t\u011bch je jen velmi m\u00e1lo. N\u011bkdy je to tak, \u017ee \u017eena mus\u00ed mu\u017ee p\u0159esv\u011bd\u010dovat, aby si spole\u010dn\u011b ud\u011blali alespo\u0148 jedno d\u00edt\u011b. N\u011bkdy to nemus\u00ed b\u00fdt v\u016fbec jednoduch\u00e9 a to zejm\u00e9na, pokud se mu\u017ei do d\u00edt\u011bte p\u0159\u00edli\u0161 nechce, proto\u017ee se zat\u00edm nec\u00edt\u00ed na to, aby byl t\u00e1tou. Kolikr\u00e1t ale na konec nelituj\u00ed, \u017ee se nechali p\u0159esv\u011bd\u010dit a o d\u00edt\u011b se se \u017eenou pokusili.Je jasn\u00e9, \u017ee jakmile do vztahu p\u0159ijde d\u00edt\u011b, bude to najednou \u00fapln\u011b jin\u00e9. Jin\u00e9 v\u00a0tom smyslu, \u017ee u\u017e budete t\u0159i. Bude to jin\u00e9 a je pot\u0159eba s\u00a0t\u00edm po\u010d\u00edtat. Jsou tac\u00ed, kte\u0159\u00ed \u0159\u00edkaj\u00ed, \u017ee d\u00edky d\u00edt\u011bti je to v\u00a0jejich vztahu daleko lep\u0161\u00ed, ne\u017e to bylo. M\u016f\u017ee se st\u00e1t, \u017ee d\u00edky tomu, \u017ee se v\u00e1m narod\u00ed d\u00edt\u011b, bude v\u00e1\u0161 vztah tak\u00e9 daleko lep\u0161\u00ed, ne\u017e byl. N\u011bco takov\u00e9ho se skute\u010dn\u011b st\u00e1v\u00e1 a st\u00e1t se to m\u016f\u017ee i u v\u00e1s.D\u00edt\u011b ur\u010dit\u011b zm\u011bn\u00ed nejen matku, ale i otce. Ur\u010dit\u011b ne k\u00a0hor\u0161\u00edmu, tak\u017ee se nemus\u00edte b\u00e1t. Opravdu nem\u011bjte obavy o to, \u017ee by se v\u00e1\u0161 \u017eivot zhor\u0161il t\u00edm, \u017ee budete m\u00edt d\u011bti. Rozhodn\u011b to tak nebude. Najednou pozn\u00e1te, \u017ee \u017eivot s\u00a0d\u011btmi je mnohem lep\u0161\u00ed, ne\u017e \u017eivot bez nich. Natolik si na n\u011bco takov\u00e9ho zvyknete, \u017ee u\u017e si pot\u00e9 nedok\u00e1\u017eete ani p\u0159edstavit, jak\u00e9 by to bez nich bylo.\u017deny d\u011bti opravdu miluj\u00ed a ud\u011bl\u00e1te jim radost, pokud se spole\u010dn\u011b o va\u0161e vlast\u00ed d\u00edt\u011b pokus\u00edte. Uvid\u00edte, \u017ee na konec zjist\u00edte, \u017ee to nebyl tak \u0161patn\u00fd n\u00e1pad. Je sice pravda, \u017ee v\u00e1s mohou potkat a to zejm\u00e9na ze za\u010d\u00e1tku, bezesn\u00e9 noci, ale na konec uvid\u00edte, \u017ee to opravdu st\u00e1lo za to.                                                                                                                                                                                                                                                                                                                                                                                                "},{"@context":"https:\/\/schema.org\/","@type":"BreadcrumbList","itemListElement":[{"@type":"ListItem","position":1,"name":"\u017deny a vztah k d\u011btem","item":"https:\/\/www.aemo.cz\/zeny-a-vztah-k-detem\/#breadcrumbitem"}]}]